{"id":95600,"date":"2023-02-22T14:20:03","date_gmt":"2023-02-22T12:20:03","guid":{"rendered":"http:\/\/realitatearutiera.ro\/?p=95600"},"modified":"2023-02-22T14:20:05","modified_gmt":"2023-02-22T12:20:05","slug":"un-accident-rutier-mortal-a-avut-loc-pe-o-sosea-din-judetul-tulcea","status":"publish","type":"post","link":"https:\/\/realitatearutiera.ro\/?p=95600","title":{"rendered":"Un accident rutier mortal a avut loc, pe o \u0219osea din jude\u021bul Tulcea"},"content":{"rendered":"\n<p><strong>Un accident rutier mortal a avut loc, mar\u021bi diminea\u021b\u0103 pe o \u0219osea din jude\u021bul Tulcea. Un b\u0103rbat \u0219i-a pierdut via\u021ba dup\u0103 impactul dintre o motociclet\u0103 \u0219i o ma\u0219in\u0103.<\/strong><\/p>\n\n\n\n<p>Potrivit IPJ Tulcea, mar\u021bi, \u00een jurul orei 10:55, poli\u0163i\u015fti din cadrul Postului de Poli\u021bie Jurilovca, au fost sesiza\u0163i cu privire la producerea unui accident rutier \u00een localitatea Vi\u0219ina.<\/p>\n\n\n\n<p>Din primele cercet\u0103ri efectuate de c\u0103tre poli\u021bi\u0219ti s-a stabilit faptul c\u0103 un b\u0103rbat de 45 de ani, din localitatea Nuf\u0103rul, \u00een timp ce conducea un autoturism pe strada Victoriei, din localitatea Vi\u0219ina, \u00een condi\u021bii ce vor fi stabilite \u00een urma cercet\u0103rilor, la schimbarea direc\u021biei de mers spre st\u00e2nga ar fi intrat \u00een coliziune cu o motociclet\u0103 care ar fi fost angajat\u0103 \u00een dep\u0103sire, condus\u0103 de c\u0103tre un b\u0103rbat \u00een v\u00e2rst\u0103 de 50 de ani, din localitatea S\u0103lcioara.<\/p>\n\n\n\n<p>La fa\u021ba locului a fost prezent un elicopter SMURD, \u00eens\u0103, \u00een urma manevrelor de resuscitare efectuate, din p\u0103cate a fost declarat decesul b\u0103rbatului de 50 de ani.<\/p>\n\n\n\n<p>Conduc\u0103torul auto nu se afla sub influen\u021ba b\u0103uturilor alcoolice.<\/p>\n\n\n\n<p>\u00cen cauz\u0103, a fost \u00eentocmit dosar penal sub aspectul s\u0103v\u00e2r\u015firii infrac\u0163iunii de ucidere din culp\u0103, cercet\u0103rile fiind continuate pentru stabilirea cu exactitate a \u00eemprejur\u0103rilor \u00een care a avut loc evenimentul.<\/p>\n\n\n\n<p>Sursa:romania24<\/p>\n","protected":false},"excerpt":{"rendered":"<p>Un accident rutier mortal a avut loc, mar\u021bi diminea\u021b\u0103 pe o \u0219osea din jude\u021bul Tulcea. Un b\u0103rbat \u0219i-a pierdut via\u021ba<\/p>\n","protected":false},"author":1,"featured_media":89078,"comment_status":"open","ping_status":"closed","sticky":false,"template":"","format":"standard","meta":{"spay_email":"","footnotes":"","jetpack_publicize_message":""},"categories":[1],"tags":[],"class_list":["post-95600","post","type-post","status-publish","format-standard","has-post-thumbnail","hentry","category-uncategorized"],"jetpack_featured_media_url":"https:\/\/i1.wp.com\/realitatearutiera.ro\/wp-content\/uploads\/2022\/08\/accident-indicator-rutier-generic-a5539.jpg?fit=1200%2C802&ssl=1","jetpack_publicize_connections":[],"jetpack_sharing_enabled":true,"jetpack_shortlink":"https:\/\/wp.me\/p61naM-oRW","jetpack-related-posts":[],"_links":{"self":[{"href":"https:\/\/realitatearutiera.ro\/index.php?rest_route=\/wp\/v2\/posts\/95600","targetHints":{"allow":["GET"]}}],"collection":[{"href":"https:\/\/realitatearutiera.ro\/index.php?rest_route=\/wp\/v2\/posts"}],"about":[{"href":"https:\/\/realitatearutiera.ro\/index.php?rest_route=\/wp\/v2\/types\/post"}],"author":[{"embeddable":true,"href":"https:\/\/realitatearutiera.ro\/index.php?rest_route=\/wp\/v2\/users\/1"}],"replies":[{"embeddable":true,"href":"https:\/\/realitatearutiera.ro\/index.php?rest_route=%2Fwp%2Fv2%2Fcomments&post=95600"}],"version-history":[{"count":1,"href":"https:\/\/realitatearutiera.ro\/index.php?rest_route=\/wp\/v2\/posts\/95600\/revisions"}],"predecessor-version":[{"id":95601,"href":"https:\/\/realitatearutiera.ro\/index.php?rest_route=\/wp\/v2\/posts\/95600\/revisions\/95601"}],"wp:featuredmedia":[{"embeddable":true,"href":"https:\/\/realitatearutiera.ro\/index.php?rest_route=\/wp\/v2\/media\/89078"}],"wp:attachment":[{"href":"https:\/\/realitatearutiera.ro\/index.php?rest_route=%2Fwp%2Fv2%2Fmedia&parent=95600"}],"wp:term":[{"taxonomy":"category","embeddable":true,"href":"https:\/\/realitatearutiera.ro\/index.php?rest_route=%2Fwp%2Fv2%2Fcategories&post=95600"},{"taxonomy":"post_tag","embeddable":true,"href":"https:\/\/realitatearutiera.ro\/index.php?rest_route=%2Fwp%2Fv2%2Ftags&post=95600"}],"curies":[{"name":"wp","href":"https:\/\/api.w.org\/{rel}","templated":true}]}}