{"id":95642,"date":"2023-02-23T09:16:11","date_gmt":"2023-02-23T07:16:11","guid":{"rendered":"http:\/\/realitatearutiera.ro\/?p=95642"},"modified":"2023-02-23T09:16:14","modified_gmt":"2023-02-23T07:16:14","slug":"accident-cu-sase-masini-pe-autostrada-a1","status":"publish","type":"post","link":"https:\/\/realitatearutiera.ro\/?p=95642","title":{"rendered":"Accident cu \u0219ase ma\u0219ini pe autostrada A1"},"content":{"rendered":"\n<h2 class=\"wp-block-heading\">Un accident grav care a perturbat traficul pe autostrada A1 a avut loc joi diminea\u021ba.<\/h2>\n\n\n\n<p>Un accident \u00een care au fost implicate \u015fase ma\u015fini s-a produs joi pe A1, \u00eentre Sebe\u015f \u015fi Or\u0103\u015ftie, nefiind \u00eenregistrate victime.<\/p>\n\n\n\n<p>Accidentul, \u00een care au fost implicate 5 autoturisme \u015fi un TIR, s-a produs pe A1, la km. 331, pe sensul Sebe\u015f-Or\u0103\u015ftie.<\/p>\n\n\n\n<p>Nu s-au \u00eenregistrat victime, dar traficul este perturbat.<\/p>\n\n\n\n<p>Sursa:realitatea<\/p>\n","protected":false},"excerpt":{"rendered":"<p>Un accident grav care a perturbat traficul pe autostrada A1 a avut loc joi diminea\u021ba. Un accident \u00een care au<\/p>\n","protected":false},"author":1,"featured_media":88977,"comment_status":"open","ping_status":"closed","sticky":false,"template":"","format":"standard","meta":{"spay_email":"","footnotes":"","jetpack_publicize_message":""},"categories":[1],"tags":[],"class_list":["post-95642","post","type-post","status-publish","format-standard","has-post-thumbnail","hentry","category-uncategorized"],"jetpack_featured_media_url":"https:\/\/i2.wp.com\/realitatearutiera.ro\/wp-content\/uploads\/2022\/08\/Accidente-rutiere-sursa-foto-playtech.ro_.jpg?fit=1501%2C859&ssl=1","jetpack_publicize_connections":[],"jetpack_sharing_enabled":true,"jetpack_shortlink":"https:\/\/wp.me\/p61naM-oSC","jetpack-related-posts":[],"_links":{"self":[{"href":"https:\/\/realitatearutiera.ro\/index.php?rest_route=\/wp\/v2\/posts\/95642","targetHints":{"allow":["GET"]}}],"collection":[{"href":"https:\/\/realitatearutiera.ro\/index.php?rest_route=\/wp\/v2\/posts"}],"about":[{"href":"https:\/\/realitatearutiera.ro\/index.php?rest_route=\/wp\/v2\/types\/post"}],"author":[{"embeddable":true,"href":"https:\/\/realitatearutiera.ro\/index.php?rest_route=\/wp\/v2\/users\/1"}],"replies":[{"embeddable":true,"href":"https:\/\/realitatearutiera.ro\/index.php?rest_route=%2Fwp%2Fv2%2Fcomments&post=95642"}],"version-history":[{"count":1,"href":"https:\/\/realitatearutiera.ro\/index.php?rest_route=\/wp\/v2\/posts\/95642\/revisions"}],"predecessor-version":[{"id":95643,"href":"https:\/\/realitatearutiera.ro\/index.php?rest_route=\/wp\/v2\/posts\/95642\/revisions\/95643"}],"wp:featuredmedia":[{"embeddable":true,"href":"https:\/\/realitatearutiera.ro\/index.php?rest_route=\/wp\/v2\/media\/88977"}],"wp:attachment":[{"href":"https:\/\/realitatearutiera.ro\/index.php?rest_route=%2Fwp%2Fv2%2Fmedia&parent=95642"}],"wp:term":[{"taxonomy":"category","embeddable":true,"href":"https:\/\/realitatearutiera.ro\/index.php?rest_route=%2Fwp%2Fv2%2Fcategories&post=95642"},{"taxonomy":"post_tag","embeddable":true,"href":"https:\/\/realitatearutiera.ro\/index.php?rest_route=%2Fwp%2Fv2%2Ftags&post=95642"}],"curies":[{"name":"wp","href":"https:\/\/api.w.org\/{rel}","templated":true}]}}