{"id":95790,"date":"2023-02-28T08:44:59","date_gmt":"2023-02-28T06:44:59","guid":{"rendered":"https:\/\/realitatearutiera.ro\/?p=95790"},"modified":"2023-02-28T08:45:03","modified_gmt":"2023-02-28T06:45:03","slug":"vesti-noi-pentru-toti-soferii-din-romania-se-va-introduce-o-noua-rovinieta","status":"publish","type":"post","link":"https:\/\/realitatearutiera.ro\/?p=95790","title":{"rendered":"Ve\u0219ti noi pentru to\u021bi \u0219oferii din Rom\u00e2nia! Se va introduce o nou\u0103 roviniet\u0103"},"content":{"rendered":"\n<p>Ve\u0219ti noi pentru to\u021bi \u0219oferii din Rom\u00e2nia! Minsterul Transporturilor a f\u0103cut un anun\u021b de ultimum moment. Se va introduce o nou\u0103 roviniet\u0103. Care sunt tipurile de ma\u0219ini ce vor avea tarif mai mare.<\/p>\n\n\n\n<p><a href=\"https:\/\/spynews.ro\/galerie\/apare-un-nou-tip-de-rovinieta-ce-masini-vor-avea-tarif-mai-mare-ministerul-transporturilor-a-facut-anuntul-id301138-play0.html\"><\/a><\/p>\n\n\n\n<figure class=\"wp-block-image\"><a href=\"https:\/\/spynews.ro\/galerie\/apare-un-nou-tip-de-rovinieta-ce-masini-vor-avea-tarif-mai-mare-ministerul-transporturilor-a-facut-anuntul-id301138-play0.html\"><img decoding=\"async\" src=\"https:\/\/img.spynews.ro\/?u=https%3A%2F%2Fspynews.ro%2Fuploads%2Fmodules%2Fnews%2F0%2F2023%2F2%2F27%2F301138%2F69ab366ab3c14ebe94a9de8d63522aab.jpeg&amp;w=700\" alt=\"Apare un nou tip de roviniet\u0103. Ce ma\u0219ini vor avea tarif mai mare. Ministerul Transporturilor a f\u0103cut anun\u021bul\" title=\"Rovinieta\"\/><\/a><\/figure>\n\n\n\n<p>Apare un nou tip de roviniet\u0103<\/p>\n\n\n\n<ul class=\"wp-block-list\">\n<li>Apare un nou tip de roviniet\u0103<\/li>\n\n\n\n<li>Ce ma\u0219ini vor avea tarif mai mare<\/li>\n\n\n\n<li>Ministerul Transporturilor a f\u0103cut anun\u021bul<\/li>\n<\/ul>\n\n\n\n<p>Ministerul Transporturilor a anun\u021bat, de cur\u00e2nd, c\u0103 propunerea privind implementarea Scenariului Alternativ Preferat va intra \u00een dezbatere public\u0103 din 2 martie. Se va aplica o nou\u0103 roviniet\u0103 pentru o categorie de autoturisme.<\/p>\n\n\n\n<h2 class=\"wp-block-heading\">Apare un nou tip de roviniet\u0103<\/h2>\n\n\n\n<p>\u00cen Rom\u00e2nia va ap\u0103rea o nou\u0103 roviniet\u0103. Ministerul Transporturilor \u0219i Infrastructurii sus\u021bine c\u0103 aceasta fi introdus\u0103 \u00een clasificarea EURO pentru toate vehiculele.<\/p>\n\n\n\n<p>Articolul continu\u0103 dup\u0103 recomand\u0103ri<a href=\"https:\/\/playtech.ro\/stiri\/nunta-surpriza-in-showbizul-romanesc-un-antrenor-s-a-casatorit-cu-o-vedeta-tv-666253?utm_source=SPAYNEWS+PREMIUM+PLUS&amp;utm_medium=website&amp;utm_campaign=fidmee\" target=\"_blank\" rel=\"noreferrer noopener\"><\/a><\/p>\n\n\n\n<p>&#8220;Scenariul Alternativ Preferat&#8221; cuprinde patru componente principale. Una dintre acestea este noua roviniet\u0103. Al\u0103turi de ea se arat\u0103 \u0219i implementarea unui sistem de taxare rutier\u0103 \u00een func\u021bie de distan\u021b\u0103 pentru vehicule grele de marf\u0103. Un criteriu al acestestora este s\u0103 de\u021bin\u0103 mai mult de 3,5 tone.<\/p>\n\n\n\n<p>Noua schimbare vine \u00een contextul \u00een care Rom\u00e2nia trebuie s\u0103 transpun\u0103 \u00een legisla\u021bia na\u021bional\u0103 prevederile Directivei privind Eurovinieta 1999\/62\/CE, modificat\u0103 prin Directiva UE 2022\/362.<\/p>\n\n\n\n<p>\u201e<strong><em>Noua roviniet\u0103 se va aplica autoturismelor, autobuzelor, vehiculelor comerciale \u0219i vehiculelor grele de marf\u0103 \u2264 3,5 t. Cu toate acestea, se pot percepe taxe rutiere (tax\u0103 de infrastructur\u0103 \u00een func\u021bie de distan\u021b\u0103) pentru utilizarea podurilor, a tunelurilor \u0219i a trec\u0103torilor montane \u0219i asupra vehiculelor care fac obiectul Noii Roviniete, \u00een baza dispozi\u021biilor articolului 7 alineatul (4) din Directiva 1999\/62\/CE, cu modific\u0103rile ulterioare<\/em><\/strong>\u201d, se arat\u0103 \u00een document.<\/p>\n\n\n\n<h2 class=\"wp-block-heading\">Toate ma\u0219inile vor fi \u00eencadrate \u00eentr-o clas\u0103 EURO<\/h2>\n\n\n\n<p>\u00cen acest document se precizeaz\u0103 faptul c\u0103 toate vehiculele din \u021bara noastr\u0103 vor fi clasificate \u00een func\u021bie de tipul lor. Printre criteriile pe care trebuie s\u0103 le aib\u0103 se num\u0103r\u0103 \u0219i tipul de mart\u0103, \u00een func\u021bie de mas\u0103 total\u0103 maxim\u0103 autorizat\u0103, \u00een func\u021bie de num\u0103rul de axe sau pasageri, num\u0103rul de locuri, etc.<\/p>\n\n\n\n<p>\u201e<strong><em>Vehiculele sunt clasificate astfel: Categoria A pentru autoturisme \u0219i Categoriile B \u2013 H pentru vehicule mai mari \u0219i specializate inclusiv autobuze, vehiculele comerciale \u0219i vehicule grele.<\/em><\/strong><\/p>\n\n\n\n<p><strong><em>Noua roviniet\u0103 prevede taxarea tuturor vehiculelor \u00een conformitate cu clasa EURO \u00een care sunt \u00eencadrate, care se bazeaz\u0103 pe nivelul emisiilor, astfel cum este acesta men\u021bionat \u00een cartea de identitate a vehiculului.<\/em><\/strong>&#8220;, mai este prev\u0103zut \u00een document.<\/p>\n\n\n\n<h2 class=\"wp-block-heading\">Ce ma\u0219ini vor pl\u0103ti taxe mai mici<\/h2>\n\n\n\n<p>\u00cen aceslasi document se precizeaz\u0103 c\u0103&nbsp;<a href=\"http:\/\/spynews.ro\/actualitate\/stiri-interne\/romanii-care-nu-trebuie-sa-plateasca-rovinieta-la-masina-ce-conditii-trebuie-sa-indeplineasca-299303.html\">noua roviniet\u0103<\/a>&nbsp;va fi implementat\u0103 pe principiul \u201ePoluatorul Pl\u0103te\u0219te\u201d. \u00een acest fel, tariful cel mai avantajos va fi pentru autoturisme cu motoare mai pu\u021bin poluante. A\u0219adar, dac\u0103 emisiile de carbon sunt in cre\u0219tere, tariful rovinietei se va majora.<\/p>\n\n\n\n<p>\u201e<em><strong>Vehiculele din Clasa EURO VI vor face obiectul celor mai sc\u0103zute tarife;<\/strong><\/em><\/p>\n\n\n\n<p><em><strong>Vehiculele din Clasa EURO V vor face obiectul unui tarif mai mare fa\u021b\u0103 de cel aplicat \u00een cazul Clasei EURO VI;<\/strong><\/em><\/p>\n\n\n\n<p><em><strong>Vehiculele din Clasa EURO IV vor face obiectul unui tarif mai mare fa\u021b\u0103 de cel aplicat \u00een cazul Clasei EURO V;<\/strong><\/em><\/p>\n\n\n\n<p><em><strong>Vehiculele din Clasele de emisii EURO III, EURO II \u0219i EURO I vor face obiectul unor tarife care cresc \u00een mod progresiv.<\/strong><\/em><\/p>\n\n\n\n<p>Sursa:spynews<\/p>\n","protected":false},"excerpt":{"rendered":"<p>Ve\u0219ti noi pentru to\u021bi \u0219oferii din Rom\u00e2nia! Minsterul Transporturilor a f\u0103cut un anun\u021b de ultimum moment. Se va introduce o<\/p>\n","protected":false},"author":1,"featured_media":95791,"comment_status":"open","ping_status":"closed","sticky":false,"template":"","format":"standard","meta":{"spay_email":"","footnotes":"","jetpack_publicize_message":""},"categories":[6],"tags":[],"class_list":["post-95790","post","type-post","status-publish","format-standard","has-post-thumbnail","hentry","category-social"],"jetpack_featured_media_url":"https:\/\/i2.wp.com\/realitatearutiera.ro\/wp-content\/uploads\/2023\/02\/Copy-of-Copy-of-Copy-of-STIRE-MESAJUL-3-16.jpg?fit=1200%2C630&ssl=1","jetpack_publicize_connections":[],"jetpack_sharing_enabled":true,"jetpack_shortlink":"https:\/\/wp.me\/p61naM-oV0","jetpack-related-posts":[],"_links":{"self":[{"href":"https:\/\/realitatearutiera.ro\/index.php?rest_route=\/wp\/v2\/posts\/95790","targetHints":{"allow":["GET"]}}],"collection":[{"href":"https:\/\/realitatearutiera.ro\/index.php?rest_route=\/wp\/v2\/posts"}],"about":[{"href":"https:\/\/realitatearutiera.ro\/index.php?rest_route=\/wp\/v2\/types\/post"}],"author":[{"embeddable":true,"href":"https:\/\/realitatearutiera.ro\/index.php?rest_route=\/wp\/v2\/users\/1"}],"replies":[{"embeddable":true,"href":"https:\/\/realitatearutiera.ro\/index.php?rest_route=%2Fwp%2Fv2%2Fcomments&post=95790"}],"version-history":[{"count":1,"href":"https:\/\/realitatearutiera.ro\/index.php?rest_route=\/wp\/v2\/posts\/95790\/revisions"}],"predecessor-version":[{"id":95792,"href":"https:\/\/realitatearutiera.ro\/index.php?rest_route=\/wp\/v2\/posts\/95790\/revisions\/95792"}],"wp:featuredmedia":[{"embeddable":true,"href":"https:\/\/realitatearutiera.ro\/index.php?rest_route=\/wp\/v2\/media\/95791"}],"wp:attachment":[{"href":"https:\/\/realitatearutiera.ro\/index.php?rest_route=%2Fwp%2Fv2%2Fmedia&parent=95790"}],"wp:term":[{"taxonomy":"category","embeddable":true,"href":"https:\/\/realitatearutiera.ro\/index.php?rest_route=%2Fwp%2Fv2%2Fcategories&post=95790"},{"taxonomy":"post_tag","embeddable":true,"href":"https:\/\/realitatearutiera.ro\/index.php?rest_route=%2Fwp%2Fv2%2Ftags&post=95790"}],"curies":[{"name":"wp","href":"https:\/\/api.w.org\/{rel}","templated":true}]}}