{"id":95793,"date":"2023-02-28T08:50:59","date_gmt":"2023-02-28T06:50:59","guid":{"rendered":"https:\/\/realitatearutiera.ro\/?p=95793"},"modified":"2023-02-28T08:51:03","modified_gmt":"2023-02-28T06:51:03","slug":"noile-tarife-de-parcare-din-bucuresti-intra-in-vigoare-de-la-1-martie","status":"publish","type":"post","link":"https:\/\/realitatearutiera.ro\/?p=95793","title":{"rendered":"Noile tarife de parcare din Bucure\u0219ti intr\u0103 \u00een vigoare de la 1 martie"},"content":{"rendered":"\n<p>Noile tarife de parcare din Capital\u0103 intr\u0103 \u00een vigoare \u00eencep\u00e2nd de m\u00e2ine, 1 martie, toate parc\u0103rile din ora\u0219 administrate de muncipalitate urm\u00e2nd s\u0103 aib\u0103 un tarif unic de 5 lei pentru fiecare or\u0103. Astfel, tarifele diferen\u021biate pe zone pentru parcarea \u00een centrul ora\u0219ului, \u00een valoare de 2.5 sau 10 lei, vor fi eliminate. Decizia a fost luat\u0103 la finalul anului trecut, Consiliul General al Municipiului Bucure\u0219ti dandu-\u0219i acordul pentru aceast\u0103 decizie \u00een data de 22 decembrie, potrivit&nbsp;<a href=\"https:\/\/www.hotnews.ro\/stiri-administratie_locala-26110966-noile-tarife-parcare-bucuresti-vigoare-din-1-martie-noile-reguli-pentru-parcare-capitala.htm\" target=\"_blank\" rel=\"noreferrer noopener\">Hotnews<\/a>.<\/p>\n\n\n\n<p><a href=\"https:\/\/www.promotor.ro\/stiri-auto\/primaria-capitalei-vrea-tarif-unic-pentru-locurile-de-parcare-din-bucuresti-19124529\">Decizia<\/a>&nbsp;administra\u021biei locale \u00eei nemul\u021bume\u0219te \u00eens\u0103 pe mul\u021bi bucure\u0219teni, \u00een special pe cei care obi\u0219nuiau s\u0103 \u00ee\u0219i parcheze ma\u0219ina pe un loc de parcare nu tocmai central. \u0218i asta dintr-un motiv extrem de simplu, pre\u021bul acestuia urm\u00e2nd s\u0103 creasc\u0103 \u00eencep\u00e2nd de m\u00e2ine de la 2.5 la 5 lei. \u00cen acela\u0219i timp \u00eens\u0103, parc\u0103rile chiar din centrul ora\u0219ului se vor ieftini, tarifele lor urm\u00e2nd s\u0103 scad\u0103 de la 1 martie de la 10 la 5 lei.<\/p>\n\n\n\n<p>Potrivit hot\u0103r\u00e2rii adoptate \u00een luna decembrie de&nbsp;<a href=\"https:\/\/www2.pmb.ro\/common\/site_map.php?sbm_id=57\" target=\"_blank\" rel=\"noreferrer noopener\">CGMB<\/a>, parcarea se va pl\u0103ti \u00eencep\u00e2nd de luni \u0219i p\u00e2n\u0103 vineri, \u00een intervalul orar 8 \u2013 20. A\u0219a cum spuneam \u0219i \u00een r\u00e2ndurile anterioare, tariful este unic \u0219i are o valoare de 5 lei pe or\u0103.<\/p>\n\n\n\n<h2 class=\"wp-block-heading\">Abonamente pentru mai multe categorii de persoane<\/h2>\n\n\n\n<p>Cei care \u00ee\u0219i doresc un&nbsp;<a href=\"https:\/\/www.promotor.ro\/stiri-auto\/ce-suma-record-a-licitat-un-tulcean-pentru-a-obtine-un-loc-de-parcare-19086840\">loc de parcare<\/a>&nbsp;pe termen mai lung, pot apela la abonamentele puse la dispozi\u021bie de administra\u021bia locala. Astfel, pentru intervalul orar 8 \u2013 20, este disponibil un abonament de 30 de lei pe zi, respectiv de 500 de lei pe lun\u0103, pentru persoanele fizice, juridice sau pentru institu\u021bii. Plata abonamentului permite utilizarea unui loc de parcare f\u0103r\u0103 rezervarea sau nominalizarea acestuia.<\/p>\n\n\n\n<p><video preload=\"none\" poster=\"data:image\/png;base64,iVBORw0KGgoAAAANSUhEUgAAAAEAAAABCAQAAAC1HAwCAAAAC0lEQVR42mNkYAAAAAYAAjCB0C8AAAAASUVORK5CYII=\"><\/video><\/p>\n\n\n\n<p>\u00cen acela\u0219i timp \u00eens\u0103, pentru riverani, tariful abonamentului se dovede\u0219te a fi mult mai mic: 50 de lei pe lun\u0103, respectiv 500 de lei pe an. Un asemenea abonament este disponibil exclusiv pentru persoanele fizice care \u00ee\u0219i au domiciliul sau re\u0219edin\u021ba adiacente parcajului. De asemenea, aceste persoane trebuie s\u0103 aib\u0103 autoturisme care sunt \u00eenmatriculate \u00een Bucure\u0219ti sau care sunt utilizate \u00een baza unor contracte de leasing. Aceste tarife pentru abonamente se achit\u0103 anticipat. Aten\u021bie, pot fi alocate cel mult dou\u0103 abonamente pentru fiecare unitate locativ\u0103.<\/p>\n\n\n\n<p>Sursa:promotor<\/p>\n","protected":false},"excerpt":{"rendered":"<p>Noile tarife de parcare din Capital\u0103 intr\u0103 \u00een vigoare \u00eencep\u00e2nd de m\u00e2ine, 1 martie, toate parc\u0103rile din ora\u0219 administrate de<\/p>\n","protected":false},"author":1,"featured_media":95794,"comment_status":"open","ping_status":"closed","sticky":false,"template":"","format":"standard","meta":{"spay_email":"","footnotes":"","jetpack_publicize_message":""},"categories":[6],"tags":[],"class_list":["post-95793","post","type-post","status-publish","format-standard","has-post-thumbnail","hentry","category-social"],"jetpack_featured_media_url":"https:\/\/i0.wp.com\/realitatearutiera.ro\/wp-content\/uploads\/2023\/02\/parcare-bucuresti-c-1000x563-1.jpg?fit=1000%2C563&ssl=1","jetpack_publicize_connections":[],"jetpack_sharing_enabled":true,"jetpack_shortlink":"https:\/\/wp.me\/p61naM-oV3","jetpack-related-posts":[],"_links":{"self":[{"href":"https:\/\/realitatearutiera.ro\/index.php?rest_route=\/wp\/v2\/posts\/95793","targetHints":{"allow":["GET"]}}],"collection":[{"href":"https:\/\/realitatearutiera.ro\/index.php?rest_route=\/wp\/v2\/posts"}],"about":[{"href":"https:\/\/realitatearutiera.ro\/index.php?rest_route=\/wp\/v2\/types\/post"}],"author":[{"embeddable":true,"href":"https:\/\/realitatearutiera.ro\/index.php?rest_route=\/wp\/v2\/users\/1"}],"replies":[{"embeddable":true,"href":"https:\/\/realitatearutiera.ro\/index.php?rest_route=%2Fwp%2Fv2%2Fcomments&post=95793"}],"version-history":[{"count":1,"href":"https:\/\/realitatearutiera.ro\/index.php?rest_route=\/wp\/v2\/posts\/95793\/revisions"}],"predecessor-version":[{"id":95795,"href":"https:\/\/realitatearutiera.ro\/index.php?rest_route=\/wp\/v2\/posts\/95793\/revisions\/95795"}],"wp:featuredmedia":[{"embeddable":true,"href":"https:\/\/realitatearutiera.ro\/index.php?rest_route=\/wp\/v2\/media\/95794"}],"wp:attachment":[{"href":"https:\/\/realitatearutiera.ro\/index.php?rest_route=%2Fwp%2Fv2%2Fmedia&parent=95793"}],"wp:term":[{"taxonomy":"category","embeddable":true,"href":"https:\/\/realitatearutiera.ro\/index.php?rest_route=%2Fwp%2Fv2%2Fcategories&post=95793"},{"taxonomy":"post_tag","embeddable":true,"href":"https:\/\/realitatearutiera.ro\/index.php?rest_route=%2Fwp%2Fv2%2Ftags&post=95793"}],"curies":[{"name":"wp","href":"https:\/\/api.w.org\/{rel}","templated":true}]}}