{"id":95933,"date":"2023-03-02T09:20:59","date_gmt":"2023-03-02T07:20:59","guid":{"rendered":"https:\/\/realitatearutiera.ro\/?p=95933"},"modified":"2023-03-02T09:21:01","modified_gmt":"2023-03-02T07:21:01","slug":"cinci-elevi-raniti-in-accident-in-timp-ce-se-plimbau-cu-masina-cand-trebuiau-sa-fie-la-ore","status":"publish","type":"post","link":"https:\/\/realitatearutiera.ro\/?p=95933","title":{"rendered":"Cinci elevi, r\u0103ni\u021bi \u00een accident \u00een timp ce se plimbau cu ma\u0219ina c\u00e2nd trebuiau s\u0103 fie la ore"},"content":{"rendered":"\n<p>Cinci tineri au ajuns la Spitalul Jude\u021bean Suceava, ieri diminea\u021b\u0103, dup\u0103 ce ma\u0219ina cu care se deplasau a lovit violent un cap de pode\u021b din beton pe drumul jude\u021bean dintre Dumbr\u0103veni \u0219i Vere\u0219ti.<\/p>\n\n\n\n<p>Doi dintre ei au suferit fracturi, \u00eens\u0103 av\u00e2nd \u00een vedere violen\u021ba impactului se poate trage concluzia c\u0103 putea fi \u0219i mai r\u0103u. To\u021bi cei cinci sunt elevi la Liceul \u201dMihai Eminescu\u201d din Dumbr\u0103veni.<\/p>\n\n\n\n<p>Contactat\u0103 de Monitorul de Suceava, Adriana Duceac, directoarea Liceului \u201dMihai Eminescu\u201d din Dumbr\u0103veni, a confirmat c\u0103 to\u021bi cei cinci sunt elevi \u00een clasa a XII-a, specializarea mate-info. Aceasta a mai precizat c\u0103 orele de curs au \u00eenceput la 7.50, iar cei cinci elevi au fost absen\u021bi la prima or\u0103.<\/p>\n\n\n\n<p>O alt\u0103 informa\u021bie important\u0103 este c\u0103 t\u00e2n\u0103rul care s-a aflat la volan ar avea permisul de conducere primit cu doar o zi \u00eenainte de accident.<\/p>\n\n\n\n<p>Poli\u021bia a f\u0103cut verific\u0103ri \u00een baza de date \u0219i s-a confirmat c\u0103 t\u00e2n\u0103rul de 19 ani care se afla la volan avea permis de conducere valabil, categoriile AM \u0219i B.&nbsp;<\/p>\n\n\n\n<p>Miercuri diminea\u021b\u0103, t\u00e2n\u0103rul \u0219i-a dus mama cu ma\u0219ina la dispensarul la care lucreaz\u0103, \u00een Dumbr\u0103veni, dup\u0103 care ar fi trebuit s\u0103 lase ma\u0219ina \u00een apropiere \u0219i s\u0103 mearg\u0103 la \u0219coal\u0103 pe jos. Ce s-a \u00eent\u00e2mplat mai departe nu se \u0219tie, dar cert este c\u0103 cei cinci elevi s-au urcat \u00een autoturismul VW Passat \u0219i au plecat pe sensul de la Dumbr\u0103veni spre Vere\u0219ti. Din p\u0103cate, nu au mai ajuns la Vere\u0219ti.<\/p>\n\n\n\n<p>T\u00e2n\u0103rul de la volan a pierdut controlul asupra ma\u0219inii, pe un sector de drum cu succesiune de curbe. Autoturismul VW Passat a intrat violent \u00eentr-un cap\u0103t de pode\u021b.<\/p>\n\n\n\n<p>Pompierii militari au anun\u021bat, miercuri diminea\u021b\u0103, c\u0103 un autoturism \u00een care se aflau cinci tineri a fost sc\u0103pat de sub control \u0219i a intrat \u00eentr-un cap de pod, \u00eentre Dumbr\u0103veni \u0219i Vere\u0219ti.<\/p>\n\n\n\n<p>Pompierii militari care au intervenit la fa\u021ba locului au constatat c\u0103 \u00een accident sunt implica\u021bi 5 tineri. Patru ambulan\u021be de la Serviciul Jude\u021bean Suceava s-au deplasat \u0219i ele de urgen\u021b\u0103 spre locul accidentului.<\/p>\n\n\n\n<p>Unul dintre r\u0103ni\u021bi era \u00eencarcerat \u00een ma\u0219in\u0103 \u0219i a fost extras de pompierii militari. To\u021bi cei cinci, inclusiv r\u0103nitul \u00eencarcerat, erau con\u0219tien\u021bi \u0219i cooperan\u021bi, dar aveau leziuni.<\/p>\n\n\n\n<p>Cei cinci tineri, care sunt din Dumbr\u0103veni \u0219i Vere\u0219ti, au fost transporta\u021bi cu to\u021bii la Spitalul Jude\u021bean Suceava. Medicii au comunicat c\u0103 cei cinci pacien\u021bi au ajuns stabili \u00een Unitatea de Primiri Urgen\u021be, cu traume \u0219i contuzii.<\/p>\n\n\n\n<p>Dup\u0103 investiga\u021bii mai am\u0103nun\u021bite a rezultat c\u0103 unul dintre pacien\u021bi, \u00een v\u00e2rst\u0103 de 17 ani, a suferit o fractur\u0103 de femur, fiind internat pe Sec\u021bia de Chirurgie. Un alt t\u00e2n\u0103r a suferit o fractur\u0103 de cot. Ceilal\u021bi trei nu aveau fracturi, ci leziuni mai u\u0219oare.<\/p>\n\n\n\n<p>Sursa:monitorulsv<\/p>\n","protected":false},"excerpt":{"rendered":"<p>Cinci tineri au ajuns la Spitalul Jude\u021bean Suceava, ieri diminea\u021b\u0103, dup\u0103 ce ma\u0219ina cu care se deplasau a lovit violent<\/p>\n","protected":false},"author":1,"featured_media":89031,"comment_status":"open","ping_status":"closed","sticky":false,"template":"","format":"standard","meta":{"spay_email":"","footnotes":"","jetpack_publicize_message":""},"categories":[1],"tags":[],"class_list":["post-95933","post","type-post","status-publish","format-standard","has-post-thumbnail","hentry","category-uncategorized"],"jetpack_featured_media_url":"https:\/\/i2.wp.com\/realitatearutiera.ro\/wp-content\/uploads\/2022\/08\/GENERAL-NOU-accident-noaptea1.jpg?fit=800%2C468&ssl=1","jetpack_publicize_connections":[],"jetpack_sharing_enabled":true,"jetpack_shortlink":"https:\/\/wp.me\/p61naM-oXj","jetpack-related-posts":[],"_links":{"self":[{"href":"https:\/\/realitatearutiera.ro\/index.php?rest_route=\/wp\/v2\/posts\/95933","targetHints":{"allow":["GET"]}}],"collection":[{"href":"https:\/\/realitatearutiera.ro\/index.php?rest_route=\/wp\/v2\/posts"}],"about":[{"href":"https:\/\/realitatearutiera.ro\/index.php?rest_route=\/wp\/v2\/types\/post"}],"author":[{"embeddable":true,"href":"https:\/\/realitatearutiera.ro\/index.php?rest_route=\/wp\/v2\/users\/1"}],"replies":[{"embeddable":true,"href":"https:\/\/realitatearutiera.ro\/index.php?rest_route=%2Fwp%2Fv2%2Fcomments&post=95933"}],"version-history":[{"count":1,"href":"https:\/\/realitatearutiera.ro\/index.php?rest_route=\/wp\/v2\/posts\/95933\/revisions"}],"predecessor-version":[{"id":95934,"href":"https:\/\/realitatearutiera.ro\/index.php?rest_route=\/wp\/v2\/posts\/95933\/revisions\/95934"}],"wp:featuredmedia":[{"embeddable":true,"href":"https:\/\/realitatearutiera.ro\/index.php?rest_route=\/wp\/v2\/media\/89031"}],"wp:attachment":[{"href":"https:\/\/realitatearutiera.ro\/index.php?rest_route=%2Fwp%2Fv2%2Fmedia&parent=95933"}],"wp:term":[{"taxonomy":"category","embeddable":true,"href":"https:\/\/realitatearutiera.ro\/index.php?rest_route=%2Fwp%2Fv2%2Fcategories&post=95933"},{"taxonomy":"post_tag","embeddable":true,"href":"https:\/\/realitatearutiera.ro\/index.php?rest_route=%2Fwp%2Fv2%2Ftags&post=95933"}],"curies":[{"name":"wp","href":"https:\/\/api.w.org\/{rel}","templated":true}]}}