{"id":96010,"date":"2023-03-03T11:46:17","date_gmt":"2023-03-03T09:46:17","guid":{"rendered":"https:\/\/realitatearutiera.ro\/?p=96010"},"modified":"2023-03-03T11:46:22","modified_gmt":"2023-03-03T09:46:22","slug":"soferi-romani-cercetati-pentru-trafic-de-migranti","status":"publish","type":"post","link":"https:\/\/realitatearutiera.ro\/?p=96010","title":{"rendered":"\u0218oferi rom\u00e2ni cerceta\u0163i pentru trafic de migran\u0163i"},"content":{"rendered":"\n<figure class=\"wp-block-image\"><img decoding=\"async\" src=\"https:\/\/i0.wp.com\/romania24.ro\/wp-content\/uploads\/2023\/03\/migranti-arad-1-e1677835113568.jpg?w=800&#038;ssl=1\" alt=\"migranti arad 1\" data-recalc-dims=\"1\"\/><\/figure>\n\n\n\n<ul class=\"wp-block-list\"><\/ul>\n\n\n\n<p><strong>Doi \u015foferi rom\u00e2ni care au fost prin\u015fi, \u00een noaptea de joi spre vineri, c\u0103 ascundeau 76 de persoane din mai multe \u0163\u0103ri \u00een remorcile camioanelor, pentru a le scoate ilegal din \u0163ar\u0103, sunt cerceta\u0163i pentru trafic de migran\u0163i.<\/strong><\/p>\n\n\n\n<p>Cei doi \u015foferi s-au prezentat la Punctul de Trecere a Frontierei N\u0103dlac II, fiind la volanul unor autoutilitare \u00eenmatriculate \u00een Rom\u00e2nia.<\/p>\n\n\n\n<p>\u201e\u015eoferii transportau, conform documentelor de \u00eenso\u0163ire a m\u0103rfii, pale\u0163i pe ruta Rom\u00e2nia-Italia.<\/p>\n\n\n\n<p>\u00cen baza analizei de risc, poli\u0163i\u015ftii de frontier\u0103 au efectuat un control am\u0103nun\u0163it al celor dou\u0103 mijloace de transport.<\/p>\n\n\n\n<p>Astfel, \u00een compartimentul pentru marf\u0103 au fost descoperi\u0163i ascun\u015fi, \u00een total, 76 de cet\u0103\u0163eni str\u0103ini\u201d, a transmis, vineri, Poli\u0163ia de Frontier\u0103 Arad.<\/p>\n\n\n\n<p><img loading=\"lazy\" decoding=\"async\" src=\"https:\/\/i1.wp.com\/romania24.ro\/wp-content\/uploads\/2023\/03\/trafic-migranti-arad-e1677835117326.jpg?resize=800%2C480&#038;ssl=1\" alt=\"trafic migranti arad\" width=\"800\" height=\"480\" srcset=\"https:\/\/i1.wp.com\/romania24.ro\/wp-content\/uploads\/2023\/03\/trafic-migranti-arad-e1677835117326.jpg?resize=800%2C480&#038;ssl=1 1200w, https:\/\/romania24.ro\/wp-content\/uploads\/2023\/03\/trafic-migranti-arad-e1677835117326-300x180.jpg 300w, https:\/\/romania24.ro\/wp-content\/uploads\/2023\/03\/trafic-migranti-arad-e1677835117326-768x461.jpg 768w, https:\/\/romania24.ro\/wp-content\/uploads\/2023\/03\/trafic-migranti-arad-e1677835117326-590x354.jpg 590w, https:\/\/romania24.ro\/wp-content\/uploads\/2023\/03\/trafic-migranti-arad-e1677835117326-400x240.jpg 400w\" data-recalc-dims=\"1\"><\/p>\n\n\n\n<p id=\"caption-attachment-487654\">trafic migranti arad<\/p>\n\n\n\n<p>\u00cen urma verific\u0103rilor, s-a constatat c\u0103 migran\u0163ii din remorci sunt din Bangladesh, Pakistan, Egipt, Nepal, Sri Lanka, India, Siria, Maroc \u015fi Palestina. Ei au intrat legal \u00een \u0163ara noastr\u0103 \u00een baza documentelor personale \u015fi \u201einten\u0163ionau s\u0103 ajung\u0103 \u00een mod fraudulos \u00eentr-un stat din vestul Europei\u201d.<\/p>\n\n\n\n<p>\u00cen ambele cazuri, \u015foferii sunt cerceta\u0163i penal pentru trafic de migran\u0163i, iar c\u0103l\u0103torii clandestini, pentru tentativ\u0103 de trecere frauduloas\u0103 a frontierei de stat.\u00a0<\/p>\n\n\n\n<p>Sursa:romania24<\/p>\n","protected":false},"excerpt":{"rendered":"<p>Doi \u015foferi rom\u00e2ni care au fost prin\u015fi, \u00een noaptea de joi spre vineri, c\u0103 ascundeau 76 de persoane din mai<\/p>\n","protected":false},"author":1,"featured_media":96011,"comment_status":"open","ping_status":"closed","sticky":false,"template":"","format":"standard","meta":{"spay_email":"","footnotes":"","jetpack_publicize_message":""},"categories":[6],"tags":[],"class_list":["post-96010","post","type-post","status-publish","format-standard","has-post-thumbnail","hentry","category-social"],"jetpack_featured_media_url":"https:\/\/i0.wp.com\/realitatearutiera.ro\/wp-content\/uploads\/2023\/03\/migranti-arad-1-e1677835113568.jpg?fit=1200%2C720&ssl=1","jetpack_publicize_connections":[],"jetpack_sharing_enabled":true,"jetpack_shortlink":"https:\/\/wp.me\/p61naM-oYy","jetpack-related-posts":[],"_links":{"self":[{"href":"https:\/\/realitatearutiera.ro\/index.php?rest_route=\/wp\/v2\/posts\/96010","targetHints":{"allow":["GET"]}}],"collection":[{"href":"https:\/\/realitatearutiera.ro\/index.php?rest_route=\/wp\/v2\/posts"}],"about":[{"href":"https:\/\/realitatearutiera.ro\/index.php?rest_route=\/wp\/v2\/types\/post"}],"author":[{"embeddable":true,"href":"https:\/\/realitatearutiera.ro\/index.php?rest_route=\/wp\/v2\/users\/1"}],"replies":[{"embeddable":true,"href":"https:\/\/realitatearutiera.ro\/index.php?rest_route=%2Fwp%2Fv2%2Fcomments&post=96010"}],"version-history":[{"count":1,"href":"https:\/\/realitatearutiera.ro\/index.php?rest_route=\/wp\/v2\/posts\/96010\/revisions"}],"predecessor-version":[{"id":96012,"href":"https:\/\/realitatearutiera.ro\/index.php?rest_route=\/wp\/v2\/posts\/96010\/revisions\/96012"}],"wp:featuredmedia":[{"embeddable":true,"href":"https:\/\/realitatearutiera.ro\/index.php?rest_route=\/wp\/v2\/media\/96011"}],"wp:attachment":[{"href":"https:\/\/realitatearutiera.ro\/index.php?rest_route=%2Fwp%2Fv2%2Fmedia&parent=96010"}],"wp:term":[{"taxonomy":"category","embeddable":true,"href":"https:\/\/realitatearutiera.ro\/index.php?rest_route=%2Fwp%2Fv2%2Fcategories&post=96010"},{"taxonomy":"post_tag","embeddable":true,"href":"https:\/\/realitatearutiera.ro\/index.php?rest_route=%2Fwp%2Fv2%2Ftags&post=96010"}],"curies":[{"name":"wp","href":"https:\/\/api.w.org\/{rel}","templated":true}]}}