{"id":96202,"date":"2023-03-08T11:00:15","date_gmt":"2023-03-08T09:00:15","guid":{"rendered":"https:\/\/realitatearutiera.ro\/?p=96202"},"modified":"2023-03-08T11:00:18","modified_gmt":"2023-03-08T09:00:18","slug":"ce-sanctiuni-a-primit-un-sofer-dupa-ce-o-serie-de-infractiuni-in-traficul-rutier","status":"publish","type":"post","link":"https:\/\/realitatearutiera.ro\/?p=96202","title":{"rendered":"Ce sanc\u021biuni a primit un \u0219ofer, dup\u0103 ce o serie de infrac\u021biuni \u00een traficul rutier"},"content":{"rendered":"\n<p>Un \u0219ofer din Bac\u0103u a fost re\u021binut de poli\u021bi\u0219ti \u0219i s-a ales cu sanc\u021biuni record, dup\u0103 ce o serie de infrac\u021biuni \u00een traficul rutier. <\/p>\n\n\n\n<p>Potrivit IJP Bac\u0103u, la data de 26 februarie, \u00een jurul orei 12:57, poli\u021bi\u0219tii au f\u0103cut semn s\u0103 opreasc\u0103 \u0219oferului unui autoturism ce se deplasa \u00een interiorul localit\u0103\u0163ii R\u0103c\u0103ciuni, pe sensul Adjud-Bac\u0103u. <\/p>\n\n\n\n<p>La vederea poli\u021bi\u0219tilor, \u0219oferul auto a accelerat, a efectuat manevre de viraj st\u00e2nga-dreapta \u0219i a circulat pe sesul opus de deplasare, astfel pun\u00e2nd \u00een pericol real siguran\u0163a participan\u0163ilor la trafic. <\/p>\n\n\n\n<p>\u00cen urma cercet\u0103rilor, poli\u021bi\u0219tii au stabilit c\u0103 autoturismul a fost condus de un t\u00e2n\u0103r de 19 de ani, din comuna R\u0103c\u0103ciuni. Totodat\u0103, s-a stabilit faptul c\u0103 autoturismul condus de t\u00e2n\u0103r avea \u00eenmatricularea suspendat\u0103, \u00eens\u0103 avea montate pl\u0103cu\u0163e cu num\u0103rul de \u00eenmatriculare provizoriu atribuit altui autovehicul, cu valabilitate p\u00e2n\u0103 la 02 aprilie 2020. <\/p>\n\n\n\n<p>Totodat\u0103, din verific\u0103ri s-a stabilit faptul c\u0103 t\u00e2n\u0103rul avea suspendat\u0103 exercitarea dreptului de a conduce autovehicule pe drumurile publice pentru o perioad\u0103 de 120 de zile, \u00eencep\u00e2nd cu data de 16 februarie 2023.<\/p>\n\n\n\n<p> La data de 6 martie t\u00e2n\u0103rul a fost depistat \u0219i re\u021binut pentru 24 de ore. De asemenea, t\u00e2n\u0103rul a fost sanc\u0163ionat contraven\u0163ional cu suma de 21.605 lei \u0219i i-a fost suspendat permisul de conducere pentru 780 zile pentru \u00eenc\u0103lcarea normelor rutiere.<\/p>\n\n\n\n<p>Sursa:digi24<\/p>\n","protected":false},"excerpt":{"rendered":"<p>Un \u0219ofer din Bac\u0103u a fost re\u021binut de poli\u021bi\u0219ti \u0219i s-a ales cu sanc\u021biuni record, dup\u0103 ce o serie de<\/p>\n","protected":false},"author":1,"featured_media":96203,"comment_status":"open","ping_status":"closed","sticky":false,"template":"","format":"standard","meta":{"spay_email":"","footnotes":"","jetpack_publicize_message":""},"categories":[6],"tags":[],"class_list":["post-96202","post","type-post","status-publish","format-standard","has-post-thumbnail","hentry","category-social"],"jetpack_featured_media_url":"https:\/\/i0.wp.com\/realitatearutiera.ro\/wp-content\/uploads\/2023\/03\/descarcare-2-1.jpeg?fit=275%2C183&ssl=1","jetpack_publicize_connections":[],"jetpack_sharing_enabled":true,"jetpack_shortlink":"https:\/\/wp.me\/p61naM-p1E","jetpack-related-posts":[],"_links":{"self":[{"href":"https:\/\/realitatearutiera.ro\/index.php?rest_route=\/wp\/v2\/posts\/96202","targetHints":{"allow":["GET"]}}],"collection":[{"href":"https:\/\/realitatearutiera.ro\/index.php?rest_route=\/wp\/v2\/posts"}],"about":[{"href":"https:\/\/realitatearutiera.ro\/index.php?rest_route=\/wp\/v2\/types\/post"}],"author":[{"embeddable":true,"href":"https:\/\/realitatearutiera.ro\/index.php?rest_route=\/wp\/v2\/users\/1"}],"replies":[{"embeddable":true,"href":"https:\/\/realitatearutiera.ro\/index.php?rest_route=%2Fwp%2Fv2%2Fcomments&post=96202"}],"version-history":[{"count":1,"href":"https:\/\/realitatearutiera.ro\/index.php?rest_route=\/wp\/v2\/posts\/96202\/revisions"}],"predecessor-version":[{"id":96204,"href":"https:\/\/realitatearutiera.ro\/index.php?rest_route=\/wp\/v2\/posts\/96202\/revisions\/96204"}],"wp:featuredmedia":[{"embeddable":true,"href":"https:\/\/realitatearutiera.ro\/index.php?rest_route=\/wp\/v2\/media\/96203"}],"wp:attachment":[{"href":"https:\/\/realitatearutiera.ro\/index.php?rest_route=%2Fwp%2Fv2%2Fmedia&parent=96202"}],"wp:term":[{"taxonomy":"category","embeddable":true,"href":"https:\/\/realitatearutiera.ro\/index.php?rest_route=%2Fwp%2Fv2%2Fcategories&post=96202"},{"taxonomy":"post_tag","embeddable":true,"href":"https:\/\/realitatearutiera.ro\/index.php?rest_route=%2Fwp%2Fv2%2Ftags&post=96202"}],"curies":[{"name":"wp","href":"https:\/\/api.w.org\/{rel}","templated":true}]}}