{"id":96205,"date":"2023-03-08T11:06:56","date_gmt":"2023-03-08T09:06:56","guid":{"rendered":"https:\/\/realitatearutiera.ro\/?p=96205"},"modified":"2023-03-08T11:06:59","modified_gmt":"2023-03-08T09:06:59","slug":"trafic-intrerupt-in-vamile-petea-si-urziceni-din-cauza-unor-lucrari-la-sistemul-informatic","status":"publish","type":"post","link":"https:\/\/realitatearutiera.ro\/?p=96205","title":{"rendered":"Trafic \u00eentrerupt \u00een v\u0103mile Petea \u015fi Urziceni, din cauza unor lucr\u0103ri la sistemul informatic"},"content":{"rendered":"\n<p><strong>Traficul prin v\u0103mile Petea \u015fi Urziceni de pe frontiera cu Ungaria este \u00eentrerupt miercuri diminea\u0163a din cauza unor lucr\u0103ri la sistemul informatic din \u0163ara vecin\u0103, informeaz\u0103 Inspectoratul Teritorial al Poli\u0163iei de Frontier\u0103 Sighetu Marma\u0163iei.<\/strong><\/p>\n\n\n\n<figure class=\"wp-block-image size-full is-resized\"><img loading=\"lazy\" decoding=\"async\" data-attachment-id=\"96206\" data-permalink=\"https:\/\/realitatearutiera.ro\/?attachment_id=96206\" data-orig-file=\"https:\/\/i1.wp.com\/realitatearutiera.ro\/wp-content\/uploads\/2023\/03\/image-27.png?fit=800%2C480&amp;ssl=1\" data-orig-size=\"800,480\" data-comments-opened=\"1\" data-image-meta=\"{&quot;aperture&quot;:&quot;0&quot;,&quot;credit&quot;:&quot;&quot;,&quot;camera&quot;:&quot;&quot;,&quot;caption&quot;:&quot;&quot;,&quot;created_timestamp&quot;:&quot;0&quot;,&quot;copyright&quot;:&quot;&quot;,&quot;focal_length&quot;:&quot;0&quot;,&quot;iso&quot;:&quot;0&quot;,&quot;shutter_speed&quot;:&quot;0&quot;,&quot;title&quot;:&quot;&quot;,&quot;orientation&quot;:&quot;0&quot;}\" data-image-title=\"image-27\" data-image-description=\"\" data-medium-file=\"https:\/\/i1.wp.com\/realitatearutiera.ro\/wp-content\/uploads\/2023\/03\/image-27.png?fit=300%2C180&amp;ssl=1\" data-large-file=\"https:\/\/i1.wp.com\/realitatearutiera.ro\/wp-content\/uploads\/2023\/03\/image-27.png?fit=800%2C480&amp;ssl=1\" src=\"https:\/\/i1.wp.com\/realitatearutiera.ro\/wp-content\/uploads\/2023\/03\/image-27.png?resize=447%2C268&#038;ssl=1\" alt=\"\" class=\"wp-image-96206\" width=\"447\" height=\"268\" srcset=\"https:\/\/i1.wp.com\/realitatearutiera.ro\/wp-content\/uploads\/2023\/03\/image-27.png?w=800&amp;ssl=1 800w, https:\/\/i1.wp.com\/realitatearutiera.ro\/wp-content\/uploads\/2023\/03\/image-27.png?resize=300%2C180&amp;ssl=1 300w, https:\/\/i1.wp.com\/realitatearutiera.ro\/wp-content\/uploads\/2023\/03\/image-27.png?resize=768%2C461&amp;ssl=1 768w\" sizes=\"auto, (max-width: 447px) 100vw, 447px\" data-recalc-dims=\"1\" \/><\/figure>\n\n\n\n<p>\u201ePTF Urziceni, PTF Petea \u2013 08.03.2023, \u00eencep\u00e2nd cu ora 09,30 \u2013 traficul este \u00eentrerupt, din cauza unor lucr\u0103ri de mentenan\u0163\u0103 ale autorit\u0103\u0163ilor maghiare la sistemul&nbsp;informatic\u201d, precizeaz\u0103 sursa citat\u0103.<\/p>\n\n\n\n<p>Autorit\u0103\u0163ile maghiare nu au anun\u0163at c\u00e2t timp vor dura lucr\u0103rile.<\/p>\n\n\n\n<p>Sursa:romania24<\/p>\n","protected":false},"excerpt":{"rendered":"<p>Traficul prin v\u0103mile Petea \u015fi Urziceni de pe frontiera cu Ungaria este \u00eentrerupt miercuri diminea\u0163a din cauza unor lucr\u0103ri la<\/p>\n","protected":false},"author":1,"featured_media":96207,"comment_status":"open","ping_status":"closed","sticky":false,"template":"","format":"standard","meta":{"spay_email":"","footnotes":"","jetpack_publicize_message":""},"categories":[54],"tags":[],"class_list":["post-96205","post","type-post","status-publish","format-standard","has-post-thumbnail","hentry","category-informatii-rutiere"],"jetpack_featured_media_url":"https:\/\/i2.wp.com\/realitatearutiera.ro\/wp-content\/uploads\/2023\/03\/Vama-Petea-aglomeratie-6-660x400-1.jpg?fit=660%2C400&ssl=1","jetpack_publicize_connections":[],"jetpack_sharing_enabled":true,"jetpack_shortlink":"https:\/\/wp.me\/p61naM-p1H","jetpack-related-posts":[],"_links":{"self":[{"href":"https:\/\/realitatearutiera.ro\/index.php?rest_route=\/wp\/v2\/posts\/96205","targetHints":{"allow":["GET"]}}],"collection":[{"href":"https:\/\/realitatearutiera.ro\/index.php?rest_route=\/wp\/v2\/posts"}],"about":[{"href":"https:\/\/realitatearutiera.ro\/index.php?rest_route=\/wp\/v2\/types\/post"}],"author":[{"embeddable":true,"href":"https:\/\/realitatearutiera.ro\/index.php?rest_route=\/wp\/v2\/users\/1"}],"replies":[{"embeddable":true,"href":"https:\/\/realitatearutiera.ro\/index.php?rest_route=%2Fwp%2Fv2%2Fcomments&post=96205"}],"version-history":[{"count":1,"href":"https:\/\/realitatearutiera.ro\/index.php?rest_route=\/wp\/v2\/posts\/96205\/revisions"}],"predecessor-version":[{"id":96208,"href":"https:\/\/realitatearutiera.ro\/index.php?rest_route=\/wp\/v2\/posts\/96205\/revisions\/96208"}],"wp:featuredmedia":[{"embeddable":true,"href":"https:\/\/realitatearutiera.ro\/index.php?rest_route=\/wp\/v2\/media\/96207"}],"wp:attachment":[{"href":"https:\/\/realitatearutiera.ro\/index.php?rest_route=%2Fwp%2Fv2%2Fmedia&parent=96205"}],"wp:term":[{"taxonomy":"category","embeddable":true,"href":"https:\/\/realitatearutiera.ro\/index.php?rest_route=%2Fwp%2Fv2%2Fcategories&post=96205"},{"taxonomy":"post_tag","embeddable":true,"href":"https:\/\/realitatearutiera.ro\/index.php?rest_route=%2Fwp%2Fv2%2Ftags&post=96205"}],"curies":[{"name":"wp","href":"https:\/\/api.w.org\/{rel}","templated":true}]}}