{"id":96251,"date":"2023-03-09T09:46:21","date_gmt":"2023-03-09T07:46:21","guid":{"rendered":"https:\/\/realitatearutiera.ro\/?p=96251"},"modified":"2023-03-09T09:46:22","modified_gmt":"2023-03-09T07:46:22","slug":"impact-intre-un-autoturism-si-o-camioneta-pe-dn24-in-judetul-vaslui-trei-persoane-au-fost-ranite","status":"publish","type":"post","link":"https:\/\/realitatearutiera.ro\/?p=96251","title":{"rendered":"\u00a0Impact \u00eentre un autoturism \u0219i o camionet\u0103 pe DN24 \u00een jude\u021bul Vaslui. Trei persoane au fost r\u0103nite"},"content":{"rendered":"\n<ul class=\"wp-block-list\"><\/ul>\n\n\n\n<p><strong>Trei persoane au fost r\u0103nite \u00eentr-un accident rutier produs, joi diminea\u021b\u0103, pe DN24 \u00een jude\u021bul Vaslui. Coliziunea s-a produs \u00eentre un autoturism \u0219i o camionet\u0103.<\/strong><\/p>\n\n\n\n<figure class=\"wp-block-image size-large is-resized\"><img loading=\"lazy\" decoding=\"async\" data-attachment-id=\"96252\" data-permalink=\"https:\/\/realitatearutiera.ro\/?attachment_id=96252\" data-orig-file=\"https:\/\/i0.wp.com\/realitatearutiera.ro\/wp-content\/uploads\/2023\/03\/image-30.png?fit=1600%2C1200&amp;ssl=1\" data-orig-size=\"1600,1200\" data-comments-opened=\"1\" data-image-meta=\"{&quot;aperture&quot;:&quot;0&quot;,&quot;credit&quot;:&quot;&quot;,&quot;camera&quot;:&quot;&quot;,&quot;caption&quot;:&quot;&quot;,&quot;created_timestamp&quot;:&quot;0&quot;,&quot;copyright&quot;:&quot;&quot;,&quot;focal_length&quot;:&quot;0&quot;,&quot;iso&quot;:&quot;0&quot;,&quot;shutter_speed&quot;:&quot;0&quot;,&quot;title&quot;:&quot;&quot;,&quot;orientation&quot;:&quot;0&quot;}\" data-image-title=\"image-30\" data-image-description=\"\" data-medium-file=\"https:\/\/i0.wp.com\/realitatearutiera.ro\/wp-content\/uploads\/2023\/03\/image-30.png?fit=300%2C225&amp;ssl=1\" data-large-file=\"https:\/\/i0.wp.com\/realitatearutiera.ro\/wp-content\/uploads\/2023\/03\/image-30.png?fit=800%2C600&amp;ssl=1\" src=\"https:\/\/i2.wp.com\/realitatearutiera.ro\/wp-content\/uploads\/2023\/03\/image-30-1024x768.png?resize=601%2C451&#038;ssl=1\" alt=\"\" class=\"wp-image-96252\" width=\"601\" height=\"451\" srcset=\"https:\/\/i0.wp.com\/realitatearutiera.ro\/wp-content\/uploads\/2023\/03\/image-30.png?resize=1024%2C768&amp;ssl=1 1024w, https:\/\/i0.wp.com\/realitatearutiera.ro\/wp-content\/uploads\/2023\/03\/image-30.png?resize=300%2C225&amp;ssl=1 300w, https:\/\/i0.wp.com\/realitatearutiera.ro\/wp-content\/uploads\/2023\/03\/image-30.png?resize=768%2C576&amp;ssl=1 768w, https:\/\/i0.wp.com\/realitatearutiera.ro\/wp-content\/uploads\/2023\/03\/image-30.png?resize=1536%2C1152&amp;ssl=1 1536w, https:\/\/i0.wp.com\/realitatearutiera.ro\/wp-content\/uploads\/2023\/03\/image-30.png?w=1600&amp;ssl=1 1600w\" sizes=\"auto, (max-width: 601px) 100vw, 601px\" data-recalc-dims=\"1\" \/><\/figure>\n\n\n\n<p>Potrivit ISU Vaslui, caccidentul a avut loc pe DN24 DE 581, \u00een raza localit\u0103\u021bii Simila, comuna Zorleni.<\/p>\n\n\n\n<p>Au intervenit la accident pompierii militari cu o autospecial\u0103 de stingere cu ap\u0103 \u0219i spum\u0103 (autospecial\u0103 echipat\u0103 cu modul pentru descarcerare\/deblocare), o autospecial\u0103 pentru descarcerare, o ambulan\u021b\u0103 SMURD tip B2 \u0219i echipaje specializate pentru asigurarea m\u0103surilor PSI.<\/p>\n\n\n\n<p>La fa\u021ba locului au intervenit \u0219i dou\u0103 ambulan\u021be tip C \u0219i B apar\u021bin\u00e2nd SAJ Vaslui, substa\u021bia B\u00e2rlad.<\/p>\n\n\n<div class=\"wp-block-image\">\n<figure class=\"aligncenter\"><img decoding=\"async\" src=\"https:\/\/i1.wp.com\/romania24.ro\/wp-content\/uploads\/2023\/03\/acc1-3-e1678347495540.jpeg?w=800&#038;ssl=1\" alt=\"acc1\" class=\"wp-image-491383\" data-recalc-dims=\"1\"\/><\/figure>\n<\/div>\n\n\n<p>\u00cen accident au fost implicate dou\u0103 autovehicule \u2013 o autocamionet\u0103 \u0219i un autoturism, \u00een care se aflau trei persoane.<\/p>\n\n\n\n<p>La sosirea echipajelor de interven\u021bie au fost g\u0103site cele dou\u0103 autovehicule avariate, persoanele implicate \u00een accident nefiind \u00eencarcerate sau blocate \u00een interior.<\/p>\n\n\n\n<p>Victimele au fost evaluate \u0219i au primit primul ajutor la fa\u021ba locului, ulterior, dou\u0103 dintre acestea fiind transportate la Compartimentul de Primiri Urgen\u021be din cadrul Spitalului Municipal B\u00e2rlad.<\/p>\n\n\n<div class=\"wp-block-image\">\n<figure class=\"aligncenter\"><img decoding=\"async\" src=\"https:\/\/i1.wp.com\/romania24.ro\/wp-content\/uploads\/2023\/03\/acc-vaslui-3-e1678347559814.jpeg?w=800&#038;ssl=1\" alt=\"acc vaslui 3\" class=\"wp-image-491385\" data-recalc-dims=\"1\"\/><\/figure>\n<\/div>\n\n\n<p>Ambulanta SMURD a transportat la spital o femeie \u00een v\u00e2rst\u0103 de 58 ani, aceasta fiind diagnosticat\u0103 (preliminar) cu policontuzii \u00een urma producerii unui accident rutier.<\/p>\n\n\n\n<p>Cauza \u0219i circumstan\u021bele producerii acestui accident rutier sunt cercetate de colegii poli\u021bi\u0219ti.<\/p>\n","protected":false},"excerpt":{"rendered":"<p>Trei persoane au fost r\u0103nite \u00eentr-un accident rutier produs, joi diminea\u021b\u0103, pe DN24 \u00een jude\u021bul Vaslui. Coliziunea s-a produs \u00eentre<\/p>\n","protected":false},"author":1,"featured_media":89078,"comment_status":"open","ping_status":"closed","sticky":false,"template":"","format":"standard","meta":{"spay_email":"","footnotes":"","jetpack_publicize_message":""},"categories":[1],"tags":[],"class_list":["post-96251","post","type-post","status-publish","format-standard","has-post-thumbnail","hentry","category-uncategorized"],"jetpack_featured_media_url":"https:\/\/i1.wp.com\/realitatearutiera.ro\/wp-content\/uploads\/2022\/08\/accident-indicator-rutier-generic-a5539.jpg?fit=1200%2C802&ssl=1","jetpack_publicize_connections":[],"jetpack_sharing_enabled":true,"jetpack_shortlink":"https:\/\/wp.me\/p61naM-p2r","jetpack-related-posts":[],"_links":{"self":[{"href":"https:\/\/realitatearutiera.ro\/index.php?rest_route=\/wp\/v2\/posts\/96251","targetHints":{"allow":["GET"]}}],"collection":[{"href":"https:\/\/realitatearutiera.ro\/index.php?rest_route=\/wp\/v2\/posts"}],"about":[{"href":"https:\/\/realitatearutiera.ro\/index.php?rest_route=\/wp\/v2\/types\/post"}],"author":[{"embeddable":true,"href":"https:\/\/realitatearutiera.ro\/index.php?rest_route=\/wp\/v2\/users\/1"}],"replies":[{"embeddable":true,"href":"https:\/\/realitatearutiera.ro\/index.php?rest_route=%2Fwp%2Fv2%2Fcomments&post=96251"}],"version-history":[{"count":1,"href":"https:\/\/realitatearutiera.ro\/index.php?rest_route=\/wp\/v2\/posts\/96251\/revisions"}],"predecessor-version":[{"id":96253,"href":"https:\/\/realitatearutiera.ro\/index.php?rest_route=\/wp\/v2\/posts\/96251\/revisions\/96253"}],"wp:featuredmedia":[{"embeddable":true,"href":"https:\/\/realitatearutiera.ro\/index.php?rest_route=\/wp\/v2\/media\/89078"}],"wp:attachment":[{"href":"https:\/\/realitatearutiera.ro\/index.php?rest_route=%2Fwp%2Fv2%2Fmedia&parent=96251"}],"wp:term":[{"taxonomy":"category","embeddable":true,"href":"https:\/\/realitatearutiera.ro\/index.php?rest_route=%2Fwp%2Fv2%2Fcategories&post=96251"},{"taxonomy":"post_tag","embeddable":true,"href":"https:\/\/realitatearutiera.ro\/index.php?rest_route=%2Fwp%2Fv2%2Ftags&post=96251"}],"curies":[{"name":"wp","href":"https:\/\/api.w.org\/{rel}","templated":true}]}}