{"id":96254,"date":"2023-03-09T09:49:57","date_gmt":"2023-03-09T07:49:57","guid":{"rendered":"https:\/\/realitatearutiera.ro\/?p=96254"},"modified":"2023-03-09T09:49:58","modified_gmt":"2023-03-09T07:49:58","slug":"masina-cu-instalatie-gpl-in-flacari-pe-centura-galatiului-focul-a-afectat-si-autoturismul-din-apropiere","status":"publish","type":"post","link":"https:\/\/realitatearutiera.ro\/?p=96254","title":{"rendered":"Ma\u0219in\u0103 cu instala\u021bie GPL, \u00een fl\u0103c\u0103ri pe Centura Gala\u021biului. Focul a afectat \u0219i autoturismul din apropiere"},"content":{"rendered":"\n<p>O ma\u0219in\u0103 cu instala\u021bie GPL a luat foc pe Drumul de Centur\u0103 al ora\u0219ului Gala\u021bi. Un alt autoturism aflat \u00een vecin\u0103tate a fost afectat de fl\u0103c\u0103ri, anun\u021b\u0103 Inspectoratul pentru Situa\u021bii de Urgen\u021b\u0103 Gala\u021bi.<img loading=\"lazy\" decoding=\"async\" src=\"https:\/\/i2.wp.com\/cdn.adh.reperio.news\/image-b\/b82d291d-51eb-479f-b05f-21cd13e71ac3\/index.jpeg?resize=800%2C429&#038;ssl=1\" alt=\"Ma\u0219ina avea instala\u021bie GPL FOTO: ISU Gala\u021bi \" width=\"800\" height=\"429\"  data-recalc-dims=\"1\"><\/p>\n\n\n\n<p>Ma\u0219ina avea instala\u021bie GPL FOTO: ISU Gala\u021bi<\/p>\n\n\n\n<p>Incidentul s-a produs joi diminea\u021b\u0103, 9 martie, pe Drumul de Centur\u0103 al ora\u0219ului Gala\u021bi. Pompierii au fost anun\u021ba\u021bi \u0219i au trimis la fa\u021ba locului un echipaj \u0219i o autospecial\u0103 de stingere. Au reu\u0219it s\u0103 sting\u0103 focul, dar ma\u0219ina a fost grav avariat\u0103. Mai mult, fl\u0103c\u0103rile au afectat \u0219i o ma\u0219in\u0103 din vecin\u0103tate.<\/p>\n\n\n\n<p>Dup\u0103 verific\u0103ri, pompierii au constatat c\u0103 autoturismul avea instala\u021bie GPL \u0219i c\u0103, probabil, incendiul a fost provocat de o scurgere de gaz.<\/p>\n\n\n\n<p>Sursa:adevarul<\/p>\n","protected":false},"excerpt":{"rendered":"<p>O ma\u0219in\u0103 cu instala\u021bie GPL a luat foc pe Drumul de Centur\u0103 al ora\u0219ului Gala\u021bi. Un alt autoturism aflat \u00een<\/p>\n","protected":false},"author":1,"featured_media":96255,"comment_status":"open","ping_status":"closed","sticky":false,"template":"","format":"standard","meta":{"spay_email":"","footnotes":"","jetpack_publicize_message":""},"categories":[1],"tags":[],"class_list":["post-96254","post","type-post","status-publish","format-standard","has-post-thumbnail","hentry","category-uncategorized"],"jetpack_featured_media_url":"https:\/\/realitatearutiera.ro\/wp-content\/uploads\/2023\/03\/index-4.webp","jetpack_publicize_connections":[],"jetpack_sharing_enabled":true,"jetpack_shortlink":"https:\/\/wp.me\/p61naM-p2u","jetpack-related-posts":[],"_links":{"self":[{"href":"https:\/\/realitatearutiera.ro\/index.php?rest_route=\/wp\/v2\/posts\/96254","targetHints":{"allow":["GET"]}}],"collection":[{"href":"https:\/\/realitatearutiera.ro\/index.php?rest_route=\/wp\/v2\/posts"}],"about":[{"href":"https:\/\/realitatearutiera.ro\/index.php?rest_route=\/wp\/v2\/types\/post"}],"author":[{"embeddable":true,"href":"https:\/\/realitatearutiera.ro\/index.php?rest_route=\/wp\/v2\/users\/1"}],"replies":[{"embeddable":true,"href":"https:\/\/realitatearutiera.ro\/index.php?rest_route=%2Fwp%2Fv2%2Fcomments&post=96254"}],"version-history":[{"count":1,"href":"https:\/\/realitatearutiera.ro\/index.php?rest_route=\/wp\/v2\/posts\/96254\/revisions"}],"predecessor-version":[{"id":96256,"href":"https:\/\/realitatearutiera.ro\/index.php?rest_route=\/wp\/v2\/posts\/96254\/revisions\/96256"}],"wp:featuredmedia":[{"embeddable":true,"href":"https:\/\/realitatearutiera.ro\/index.php?rest_route=\/wp\/v2\/media\/96255"}],"wp:attachment":[{"href":"https:\/\/realitatearutiera.ro\/index.php?rest_route=%2Fwp%2Fv2%2Fmedia&parent=96254"}],"wp:term":[{"taxonomy":"category","embeddable":true,"href":"https:\/\/realitatearutiera.ro\/index.php?rest_route=%2Fwp%2Fv2%2Fcategories&post=96254"},{"taxonomy":"post_tag","embeddable":true,"href":"https:\/\/realitatearutiera.ro\/index.php?rest_route=%2Fwp%2Fv2%2Ftags&post=96254"}],"curies":[{"name":"wp","href":"https:\/\/api.w.org\/{rel}","templated":true}]}}