{"id":96513,"date":"2023-03-16T08:41:47","date_gmt":"2023-03-16T06:41:47","guid":{"rendered":"https:\/\/realitatearutiera.ro\/?p=96513"},"modified":"2023-03-16T08:41:52","modified_gmt":"2023-03-16T06:41:52","slug":"judetul-salaj-trafic-ingreunat-pe-dn-1c-din-cauza-unui-accident","status":"publish","type":"post","link":"https:\/\/realitatearutiera.ro\/?p=96513","title":{"rendered":"JUDE\u021aUL S\u0102LAJ: TRAFIC \u00ceNGREUNAT PE DN 1C, DIN CAUZA UNUI ACCIDENT"},"content":{"rendered":"\n<p><strong>Ora:&nbsp;<\/strong>08:35<\/p>\n\n\n\n<p><strong>Centrul INFOTRAFIC din Inspectoratul General al Poli\u021biei Rom\u00e2ne&nbsp;<\/strong>informeaz\u0103 c\u0103, pe DN 1C, la kilometrul 98+600 metri, \u00eentre localit\u0103\u021bile Ileanda \u0219i D\u0103b\u00e2ceni, jude\u021bul S\u0103laj, un autocamion \u0219i un autoturism au fost implicate \u00eentr-un eveniment rutier, soldat cu r\u0103nirea u\u0219oar\u0103 a unei persoane. Se efectueaz\u0103 cercet\u0103ri pentru determinarea cauzelor accidentului, circula\u021bia desf\u0103\u0219ur\u00e2ndu-se pe un fir, dirijat, p\u00e2n\u0103 \u00een jurul orei 09.30.<\/p>\n","protected":false},"excerpt":{"rendered":"<p>Ora:&nbsp;08:35 Centrul INFOTRAFIC din Inspectoratul General al Poli\u021biei Rom\u00e2ne&nbsp;informeaz\u0103 c\u0103, pe DN 1C, la kilometrul 98+600 metri, \u00eentre localit\u0103\u021bile Ileanda<\/p>\n","protected":false},"author":1,"featured_media":92211,"comment_status":"open","ping_status":"closed","sticky":false,"template":"","format":"standard","meta":{"spay_email":"","footnotes":"","jetpack_publicize_message":""},"categories":[54],"tags":[],"class_list":["post-96513","post","type-post","status-publish","format-standard","has-post-thumbnail","hentry","category-informatii-rutiere"],"jetpack_featured_media_url":"https:\/\/realitatearutiera.ro\/wp-content\/uploads\/2022\/11\/info-trafic-observatorulnational-1.webp","jetpack_publicize_connections":[],"jetpack_sharing_enabled":true,"jetpack_shortlink":"https:\/\/wp.me\/p61naM-p6F","jetpack-related-posts":[],"_links":{"self":[{"href":"https:\/\/realitatearutiera.ro\/index.php?rest_route=\/wp\/v2\/posts\/96513","targetHints":{"allow":["GET"]}}],"collection":[{"href":"https:\/\/realitatearutiera.ro\/index.php?rest_route=\/wp\/v2\/posts"}],"about":[{"href":"https:\/\/realitatearutiera.ro\/index.php?rest_route=\/wp\/v2\/types\/post"}],"author":[{"embeddable":true,"href":"https:\/\/realitatearutiera.ro\/index.php?rest_route=\/wp\/v2\/users\/1"}],"replies":[{"embeddable":true,"href":"https:\/\/realitatearutiera.ro\/index.php?rest_route=%2Fwp%2Fv2%2Fcomments&post=96513"}],"version-history":[{"count":1,"href":"https:\/\/realitatearutiera.ro\/index.php?rest_route=\/wp\/v2\/posts\/96513\/revisions"}],"predecessor-version":[{"id":96514,"href":"https:\/\/realitatearutiera.ro\/index.php?rest_route=\/wp\/v2\/posts\/96513\/revisions\/96514"}],"wp:featuredmedia":[{"embeddable":true,"href":"https:\/\/realitatearutiera.ro\/index.php?rest_route=\/wp\/v2\/media\/92211"}],"wp:attachment":[{"href":"https:\/\/realitatearutiera.ro\/index.php?rest_route=%2Fwp%2Fv2%2Fmedia&parent=96513"}],"wp:term":[{"taxonomy":"category","embeddable":true,"href":"https:\/\/realitatearutiera.ro\/index.php?rest_route=%2Fwp%2Fv2%2Fcategories&post=96513"},{"taxonomy":"post_tag","embeddable":true,"href":"https:\/\/realitatearutiera.ro\/index.php?rest_route=%2Fwp%2Fv2%2Ftags&post=96513"}],"curies":[{"name":"wp","href":"https:\/\/api.w.org\/{rel}","templated":true}]}}