{"id":96649,"date":"2023-03-20T10:42:53","date_gmt":"2023-03-20T08:42:53","guid":{"rendered":"https:\/\/realitatearutiera.ro\/?p=96649"},"modified":"2023-03-20T10:42:55","modified_gmt":"2023-03-20T08:42:55","slug":"cand-trecem-de-fapt-la-ora-de-vara-care-nu-coincide-cu-echinoctiul","status":"publish","type":"post","link":"https:\/\/realitatearutiera.ro\/?p=96649","title":{"rendered":"C\u00e2nd trecem, de fapt, la ora de var\u0103, care nu coincide cu echinoc\u021biul"},"content":{"rendered":"\n<p>Dup\u0103 \u201eM\u0103r\u021bi\u0219or\u201d, \u201eBabe\u201d, \u201eMo\u0219i\u201d, \u0219i \u201eZ\u0103pada mieilor\u201d, urmeaz\u0103 echinoc\u021biul de prim\u0103var\u0103, c\u00e2nd ziua este egal\u0103 cu noaptea \u0219i \u00eencepe s\u0103 creasc\u0103. Schimbarea orei nu are loc \u00eens\u0103 simultan, ci peste c\u00e2teva zile.<img loading=\"lazy\" decoding=\"async\" src=\"https:\/\/i0.wp.com\/cdn.adh.reperio.news\/image-2\/2487746f-7ca6-42be-aca9-597634a7490c\/index.jpeg?resize=800%2C429&#038;ssl=1\" alt=\"FOTO Shutterstock\" width=\"800\" height=\"429\"  data-recalc-dims=\"1\"><\/p>\n\n\n\n<p>FOTO Shutterstock<\/p>\n\n\n\n<p>Aproape o s\u0103pt\u0103m\u00e2n\u0103 ne mai desparte de acel moment.<\/p>\n\n\n\n<p>\u201eDin 1997 se trece la ora de var\u0103 \u00eencep\u00e2nd cu ultima duminic\u0103 din luna martie p\u00e2n\u0103 \u00een ultima duminic\u0103 din luna octombrie\u201d, arat\u0103<a href=\"http:\/\/astro-urseanu.ro\/ora-de-vara\/\">&nbsp;Observatorul Astronomic \u201eAmiral Vasile Urseanu\u201d.<\/a><\/p>\n\n\n\n<p>\u00cen 2023, trecerea la ora de var\u0103 se va face pe 26 martie, la ora 23.24.<\/p>\n\n\n\n<p>Deocamdat\u0103, luni, 20 martie, este doar echinoc\u021biul de prim\u0103var\u0103, moment ce marcheaz\u0103 \u00eenceputul prim\u0103verii astronomice (\u00eencep\u00e2nd de la aceasta dat\u0103, durata zilei, fa\u021b\u0103 de cea a nop\u021bii, va fi \u00een continu\u0103 cre\u0219tere, iar cea a nop\u021bii, fa\u021b\u0103 de cea a zilei, \u00een sc\u0103dere, p\u00e2n\u0103 la data de 21 iunie, c\u00e2nd va avea loc momentul solsti\u021biului de var\u0103.<\/p>\n\n\n\n<h2 class=\"wp-block-heading\">Cum a ap\u0103rut \u0219i ce ne va aduce ora de var\u0103<\/h2>\n\n\n\n<p>Ad\u0103ugarea unei ore, pe timpul verii, ajut\u0103 la economisirea energiei. \u00cen plus, ne putem bucura mai bine de serile r\u0103coroase de var\u0103.<\/p>\n\n\n\n<p><em>\u201eLa fel cum florile se \u00eentorc dup\u0103 Soare, pe m\u0103sur\u0103 ce acesta se mi\u0219c\u0103 pe cer, la fel \u0219i oamenii au descoperit un mod \u00een care se pot folosi mai mult de lumina solar\u0103. Dar, chiar dac\u0103 introducerea unei ore \u00een calendar pare simpl\u0103, nu a fost chiar a\u0219a\u201d<\/em>, explic\u0103&nbsp;<em>speciali\u0219tii<\/em>&nbsp;Observatorului Astronomic \u201eAmiral Vasile Urseanu\u201d.<\/p>\n\n\n\n<p>Ideea orei de&nbsp;vara&nbsp;s-a n\u0103scut \u00een mintea celebrului om de&nbsp;\u0219tiin\u021b\u0103&nbsp;Benjamin Franklin,&nbsp;\u00een&nbsp;anul 1784.&nbsp;\u00cen eseul s\u0103u numit \u201eAn&nbsp;Economical Project\u201d,&nbsp;a emis&nbsp;c\u00e2teva&nbsp;idei pentru economisirea uleiului folosit&nbsp;la&nbsp;l\u0103mpile&nbsp;de iluminat.&nbsp;<\/p>\n\n\n\n<p><em>\u201eUna din metode era introducerea unei perioade de timp \u00een timpul verii. Pe c\u00e2nd se afl\u0103 la Paris, la v\u00e2rst\u0103 de 78 de ani, aceast\u0103 s-a ocupat de modul \u00een care lampile cu ulei produceau lumina \u0219i c\u00e2t de eficiente erau acestea.. \u00centr-o diminea\u021b\u0103 de vara, Benjamin Franklin s-a trezit la ora 6 surprins de c\u00e2t de mult\u0103 lumina \u00eei intr\u0103 \u00een camera. La \u00eenceput a crezut c\u0103 sunt l\u0103mpile cu ulei ce se instalau pe str\u0103zile Parisului. Dar, a observat c\u0103 Soarele tocmai r\u0103s\u0103rea la orizon<\/em>t\u201d, arat\u0103 aceea\u0219i surs\u0103.<\/p>\n\n\n\n<p>William Willett, un constructor britanic, a preluat ideea lui Franklin .&nbsp;\u0218i&nbsp;el a fost uimit&nbsp;c\u00e2nd&nbsp;\u00eentr-o&nbsp;diminea\u021b\u0103&nbsp;de&nbsp;vara,&nbsp;\u00een&nbsp;jurul orei 6, chiar&nbsp;dac\u0103&nbsp;afar\u0103&nbsp;era&nbsp;lumina, toate obloanele&nbsp;caselor&nbsp;erau&nbsp;\u00eenchise.<\/p>\n\n\n\n<p><em>\u201eEl a propus&nbsp;\u00eentr-un pamflet&nbsp;din&nbsp;1907&nbsp;s\u0103&nbsp;se&nbsp;adauge 20 de&nbsp;minute&nbsp;\u00een&nbsp;fiecare&nbsp;duminic\u0103&nbsp;din aprilie,&nbsp;\u0219i&nbsp;s\u0103&nbsp;se&nbsp;scad\u0103&nbsp;aceste minute&nbsp;\u00een&nbsp;duminicile lunii septembrie.\u00cen&nbsp;anul 1908 s-a \u00eencercat introducerea&nbsp;acestei&nbsp;reguli,&nbsp;\u00een&nbsp;Marea&nbsp;Britanie, dar a fost&nbsp;\u00eent\u00e2mpinat\u0103&nbsp;negativ. Primii&nbsp;care&nbsp;au&nbsp;introdus&nbsp;ora&nbsp;de&nbsp;vara&nbsp;au fost germanii,&nbsp;\u00eencep\u00e2nd&nbsp;cu anul 1916 (\u00eentre&nbsp;30 aprilie \u2013 1 octombrie). Au urmat britanicii ce au introdus ora de vara&nbsp;tot&nbsp;\u00een&nbsp;1916 (\u00eentre&nbsp;21&nbsp;mai&nbsp;\u2013 16 octombrie). Alte \u021b\u0103ri care au introdus ora de vara au fost: Belgia, Danemarca, Fran\u021ba, Italia, Luxemburg, Olanda, Norvegia, Portugalia, Suedia, Turcia \u0219i Tasmani<\/em>a<em>\u201d<\/em>, arat\u0103 Observatorul Astronomic.<\/p>\n\n\n\n<h2 class=\"wp-block-heading\">Confuzie in SUA<\/h2>\n\n\n\n<p>\u00cen 1918, pe 19 martie, schimbarea orei s-a&nbsp;introdus&nbsp;\u0219i&nbsp;\u00een&nbsp;Statele&nbsp;Unite, \u00eens\u0103 a fost folosit\u0103 doar p\u00e2n\u0103 anul urm\u0103tor, ideea fiind abandonat\u0103 din&nbsp;cauza&nbsp;opozi\u021biei&nbsp;fermierilor.<\/p>\n\n\n\n<p>\u00cen perioada \u00een care a fost introdus\u0103, a produs \u00eens\u0103 mult\u0103 confuzie, pentru c\u0103 fiecare stat&nbsp;avea propria&nbsp;regul\u0103.&nbsp;<\/p>\n\n\n\n<p><em>\u201e\u00cen acest moment 70 de \u021b\u0103ri au introdus ora de vara. Ora de vara nu este folosit\u0103 \u00een \u021b\u0103rile de la Ecuator \u0219i de la tropicul Capricornului. Dou\u0103 \u021b\u0103ri importante, Japonia \u0219i China, nu folosesc ora de vara<\/em>\u201d, se mai arat\u0103 pe pagina oficial\u0103 a Observatorului.<\/p>\n\n\n\n<h2 class=\"wp-block-heading\">Ora de var\u0103 \u00een Rom\u00e2nia<\/h2>\n\n\n\n<p>\u00cen Rom\u00e2nia ora&nbsp;de&nbsp;var\u0103&nbsp;a fost&nbsp;introdus\u0103&nbsp;prima&nbsp;oar\u0103&nbsp;\u00een&nbsp;1932 (\u00eentre&nbsp;22&nbsp;mai&nbsp;\u2013 2 octombrie).&nbsp;Din&nbsp;1933&nbsp;\u0219i&nbsp;p\u00e2n\u0103&nbsp;\u00een&nbsp;1940,&nbsp;c\u00e2nd&nbsp;s-a&nbsp;renun\u021bat&nbsp;la&nbsp;acest obicei, ora de vara&nbsp;era&nbsp;introdus\u0103&nbsp;din prima&nbsp;duminic\u0103&nbsp;din&nbsp;aprilie&nbsp;p\u00e2n\u0103&nbsp;\u00een&nbsp;prima&nbsp;duminic\u0103&nbsp;a lui octombrie.<\/p>\n\n\n\n<p><em>\u201e\u00centre 1941 \u0219i 1979 s-a renun\u021bat la folosirea orei de vara, fiind reintrodus\u0103 abia \u00een 1979. cu mici excep\u021bii, p\u00e2n\u0103 \u00een 1996, ora de vara se introducea la sf\u00e2r\u0219itul lui martie p\u00e2n\u0103 la sf\u00e2r\u0219itul lui septembrie, iar din 1997 se trece la ora de vara \u00eencep\u00e2nd cu ultima duminic\u0103 din luna martie p\u00e2n\u0103 \u00een ultima duminic\u0103 din luna octombrie\u201d,&nbsp;<\/em>explic\u0103 aceea\u0219i surs\u0103..<\/p>\n\n\n\n<h2 class=\"wp-block-heading\">Ora de Iarn\u0103 nu exist\u0103<\/h2>\n\n\n\n<p>Observatorul Astronomic \u201eAmiral Vasile Urseanu\u201d atrage aten\u021bia c\u0103 este eronat\u0103 folosirea expresiei&nbsp;\u201ese&nbsp;trece&nbsp;la&nbsp;ora&nbsp;de&nbsp;iarn\u0103\u201d:&nbsp;<\/p>\n\n\n\n<p><em>\u201eOra\u00a0de\u00a0iarn\u0103\u00a0nu\u00a0exist\u0103.\u00a0Vara\u00a0avem ora de var\u0103, iar \u00een restul anului avem \u201e<strong>Timp\u00a0Legal Rom\u00e2n\u201d.<\/strong><\/em><\/p>\n\n\n\n<p>Sursa.adevarul<\/p>\n","protected":false},"excerpt":{"rendered":"<p>Dup\u0103 \u201eM\u0103r\u021bi\u0219or\u201d, \u201eBabe\u201d, \u201eMo\u0219i\u201d, \u0219i \u201eZ\u0103pada mieilor\u201d, urmeaz\u0103 echinoc\u021biul de prim\u0103var\u0103, c\u00e2nd ziua este egal\u0103 cu noaptea \u0219i \u00eencepe s\u0103<\/p>\n","protected":false},"author":1,"featured_media":96650,"comment_status":"open","ping_status":"closed","sticky":false,"template":"","format":"standard","meta":{"spay_email":"","footnotes":"","jetpack_publicize_message":""},"categories":[6],"tags":[],"class_list":["post-96649","post","type-post","status-publish","format-standard","has-post-thumbnail","hentry","category-social"],"jetpack_featured_media_url":"https:\/\/i1.wp.com\/realitatearutiera.ro\/wp-content\/uploads\/2023\/03\/renuntare-schimbare-ora-vara-iarna-822660.jpg?fit=1200%2C675&ssl=1","jetpack_publicize_connections":[],"jetpack_sharing_enabled":true,"jetpack_shortlink":"https:\/\/wp.me\/p61naM-p8R","jetpack-related-posts":[],"_links":{"self":[{"href":"https:\/\/realitatearutiera.ro\/index.php?rest_route=\/wp\/v2\/posts\/96649","targetHints":{"allow":["GET"]}}],"collection":[{"href":"https:\/\/realitatearutiera.ro\/index.php?rest_route=\/wp\/v2\/posts"}],"about":[{"href":"https:\/\/realitatearutiera.ro\/index.php?rest_route=\/wp\/v2\/types\/post"}],"author":[{"embeddable":true,"href":"https:\/\/realitatearutiera.ro\/index.php?rest_route=\/wp\/v2\/users\/1"}],"replies":[{"embeddable":true,"href":"https:\/\/realitatearutiera.ro\/index.php?rest_route=%2Fwp%2Fv2%2Fcomments&post=96649"}],"version-history":[{"count":1,"href":"https:\/\/realitatearutiera.ro\/index.php?rest_route=\/wp\/v2\/posts\/96649\/revisions"}],"predecessor-version":[{"id":96651,"href":"https:\/\/realitatearutiera.ro\/index.php?rest_route=\/wp\/v2\/posts\/96649\/revisions\/96651"}],"wp:featuredmedia":[{"embeddable":true,"href":"https:\/\/realitatearutiera.ro\/index.php?rest_route=\/wp\/v2\/media\/96650"}],"wp:attachment":[{"href":"https:\/\/realitatearutiera.ro\/index.php?rest_route=%2Fwp%2Fv2%2Fmedia&parent=96649"}],"wp:term":[{"taxonomy":"category","embeddable":true,"href":"https:\/\/realitatearutiera.ro\/index.php?rest_route=%2Fwp%2Fv2%2Fcategories&post=96649"},{"taxonomy":"post_tag","embeddable":true,"href":"https:\/\/realitatearutiera.ro\/index.php?rest_route=%2Fwp%2Fv2%2Ftags&post=96649"}],"curies":[{"name":"wp","href":"https:\/\/api.w.org\/{rel}","templated":true}]}}