{"id":96952,"date":"2023-03-28T08:10:20","date_gmt":"2023-03-28T05:10:20","guid":{"rendered":"https:\/\/realitatearutiera.ro\/?p=96952"},"modified":"2023-03-28T08:10:24","modified_gmt":"2023-03-28T05:10:24","slug":"situatia-traficului-la-ora-06-30-9","status":"publish","type":"post","link":"https:\/\/realitatearutiera.ro\/?p=96952","title":{"rendered":"SITUA\u021aIA TRAFICULUI LA ORA 06.30"},"content":{"rendered":"\n<p><strong>Ora:&nbsp;<\/strong>06:30<\/p>\n\n\n\n<p><strong>Centrul INFOTRAFIC din Inspectoratul General al Poli\u0163iei Rom\u00e2ne<\/strong>&nbsp;informeaz\u0103 c\u0103, la aceast\u0103 or\u0103, nu sunt drumuri na\u0163ionale sau autostr\u0103zi cu circula\u0163ia oprit\u0103 din cauza vreunui eveniment rutier sau ca urmare a condi\u021biilor meteorologice.<\/p>\n\n\n\n<p>Pe arterele rutiere principale, respectiv autostr\u0103zile A1 Bucure\u0219ti-Pite\u0219ti, A2 Bucure\u0219ti \u2013 Constan\u021ba, A3 Bucure\u0219ti \u2013 Ploie\u0219ti, DN 1 Ploie\u0219ti-Bra\u0219ov, traficul se desf\u0103\u0219oar\u0103 pe un carosabil par\u021bial umed, f\u0103r\u0103 precipita\u021bii, cu vizibilitate bun\u0103.<\/p>\n\n\n\n<p>Sunt semnalate precipita\u021bii sub form\u0103 de ninsoare slab\u0103 \u00een zona montan\u0103 a jude\u021belor Bra\u0219ov, Cluj, Covasna, Maramure\u0219, Mure\u0219, S\u0103laj, Sibiu, Suceava, iar \u00een restul teritoriului se circul\u0103 pe un carosabil par\u021bial umed, cu intensific\u0103ri ale v\u00e2ntului.<\/p>\n\n\n\n<p>Din cauza v\u00e2ntului puternic, sunt oprite manevrele \u00een porturile Constan\u021ba Nord, Constan\u021ba Sud \u0219i Midia.<\/p>\n\n\n\n<p>Recomand\u0103m conduc\u0103torilor auto s\u0103 circule cu viteza adaptat\u0103 condi\u021biilor de drum, s\u0103 p\u0103streze o distan\u021b\u0103 corespunz\u0103toare care s\u0103 le permit\u0103 s\u0103 fr\u00e2neze \u00een siguran\u021b\u0103 \u0219i s\u0103 nu bruscheze comenzile autovehiculului!<\/p>\n","protected":false},"excerpt":{"rendered":"<p>Ora:&nbsp;06:30 Centrul INFOTRAFIC din Inspectoratul General al Poli\u0163iei Rom\u00e2ne&nbsp;informeaz\u0103 c\u0103, la aceast\u0103 or\u0103, nu sunt drumuri na\u0163ionale sau autostr\u0103zi cu<\/p>\n","protected":false},"author":1,"featured_media":89165,"comment_status":"open","ping_status":"closed","sticky":false,"template":"","format":"standard","meta":{"spay_email":"","footnotes":"","jetpack_publicize_message":""},"categories":[54],"tags":[],"class_list":["post-96952","post","type-post","status-publish","format-standard","has-post-thumbnail","hentry","category-informatii-rutiere"],"jetpack_featured_media_url":"https:\/\/i2.wp.com\/realitatearutiera.ro\/wp-content\/uploads\/2022\/08\/infotrafic-e1535778443522.jpg?fit=332%2C231&ssl=1","jetpack_publicize_connections":[],"jetpack_sharing_enabled":true,"jetpack_shortlink":"https:\/\/wp.me\/p61naM-pdK","jetpack-related-posts":[],"_links":{"self":[{"href":"https:\/\/realitatearutiera.ro\/index.php?rest_route=\/wp\/v2\/posts\/96952","targetHints":{"allow":["GET"]}}],"collection":[{"href":"https:\/\/realitatearutiera.ro\/index.php?rest_route=\/wp\/v2\/posts"}],"about":[{"href":"https:\/\/realitatearutiera.ro\/index.php?rest_route=\/wp\/v2\/types\/post"}],"author":[{"embeddable":true,"href":"https:\/\/realitatearutiera.ro\/index.php?rest_route=\/wp\/v2\/users\/1"}],"replies":[{"embeddable":true,"href":"https:\/\/realitatearutiera.ro\/index.php?rest_route=%2Fwp%2Fv2%2Fcomments&post=96952"}],"version-history":[{"count":1,"href":"https:\/\/realitatearutiera.ro\/index.php?rest_route=\/wp\/v2\/posts\/96952\/revisions"}],"predecessor-version":[{"id":96953,"href":"https:\/\/realitatearutiera.ro\/index.php?rest_route=\/wp\/v2\/posts\/96952\/revisions\/96953"}],"wp:featuredmedia":[{"embeddable":true,"href":"https:\/\/realitatearutiera.ro\/index.php?rest_route=\/wp\/v2\/media\/89165"}],"wp:attachment":[{"href":"https:\/\/realitatearutiera.ro\/index.php?rest_route=%2Fwp%2Fv2%2Fmedia&parent=96952"}],"wp:term":[{"taxonomy":"category","embeddable":true,"href":"https:\/\/realitatearutiera.ro\/index.php?rest_route=%2Fwp%2Fv2%2Fcategories&post=96952"},{"taxonomy":"post_tag","embeddable":true,"href":"https:\/\/realitatearutiera.ro\/index.php?rest_route=%2Fwp%2Fv2%2Ftags&post=96952"}],"curies":[{"name":"wp","href":"https:\/\/api.w.org\/{rel}","templated":true}]}}