{"id":9708,"date":"2016-06-22T09:13:39","date_gmt":"2016-06-22T06:13:39","guid":{"rendered":"http:\/\/realitatearutiera.ro\/?p=9708"},"modified":"2016-06-22T09:24:01","modified_gmt":"2016-06-22T06:24:01","slug":"avertizare-de-canicula-pentru-urmatoarele-zile","status":"publish","type":"post","link":"https:\/\/realitatearutiera.ro\/?p=9708","title":{"rendered":"Avertizare de canicul\u0103 pentru urm\u0103toarele zile."},"content":{"rendered":"<p>Administra\u0163ia Na\u0163ional\u0103 de Meteorologie(ANM) a emis o informare meteorologic\u0103, valabil\u0103 \u015fi pentru jude\u0163ul D\u00e2mbovi\u0163a, pentru intervalul 21-22 iunie, fenomenele vizate fiind: canicul\u0103, disconfort termic accentuat, instabilitate atmosferic\u0103. \u00a0 Potrivit Prefecturii D\u00e2mbovi\u0163a, \u00een intervalul men\u0163ionat, disconfortul termic va fi accentuat, iar indicele temperatur\u0103-umezeal\u0103 (ITU) va dep\u0103\u015fi pragul critic de 80 de unit\u0103\u0163i \u00een cea mai mare parte a \u0163\u0103rii. \u00cen Muntenia, Dobrogea continental\u0103, \u00een cea mai mare parte a Moldovei, dar local \u015fi \u00een Oltenia \u015fi Transilvania va fi canicul\u0103, cu temperaturi maxime cuprinse \u00eentre 35 \u015fi 37 de grade \u015fi temperaturi minime ce nu vor sc\u0103dea sub 20 de grade. \u00a0 \u00cendeosebi \u00een zonele de deal \u015fi de munte vor fi perioade cu instabilitate atmosferic\u0103 accentuat\u0103, mai ales \u00een cursul dup\u0103-amiezelor \u015fi al serilor. Vor fi averse cu caracter toren\u0163ial, desc\u0103rc\u0103ri electrice, intensific\u0103ri de scurt\u0103 durat\u0103 ale v\u00e2ntului \u015fi izolat grindin\u0103. \u00a0 Au fost informate toate institu\u0163iile cu atribu\u0163ii \u00een domeniul gestion\u0103rii situa\u0163iilor de urgen\u0163\u0103 ap\u0103rute pe perioada sezonului estival \u00een vederea respect\u0103rii m\u0103surilor cuprinse \u00een \u201dPlanul de m\u0103suri privind combaterea efectelor caniculei pe perioada sezonului estival 2016\u201d.<\/p>\n","protected":false},"excerpt":{"rendered":"<p>Administra\u0163ia Na\u0163ional\u0103 de Meteorologie(ANM) a emis o informare meteorologic\u0103, valabil\u0103 \u015fi pentru jude\u0163ul D\u00e2mbovi\u0163a, pentru intervalul 21-22 iunie, fenomenele vizate<\/p>\n","protected":false},"author":1,"featured_media":0,"comment_status":"open","ping_status":"open","sticky":false,"template":"","format":"standard","meta":{"spay_email":"","footnotes":"","jetpack_publicize_message":""},"categories":[1],"tags":[],"class_list":["post-9708","post","type-post","status-publish","format-standard","hentry","category-uncategorized"],"jetpack_featured_media_url":"","jetpack_publicize_connections":[],"jetpack_sharing_enabled":true,"jetpack_shortlink":"https:\/\/wp.me\/p61naM-2wA","jetpack-related-posts":[],"_links":{"self":[{"href":"https:\/\/realitatearutiera.ro\/index.php?rest_route=\/wp\/v2\/posts\/9708","targetHints":{"allow":["GET"]}}],"collection":[{"href":"https:\/\/realitatearutiera.ro\/index.php?rest_route=\/wp\/v2\/posts"}],"about":[{"href":"https:\/\/realitatearutiera.ro\/index.php?rest_route=\/wp\/v2\/types\/post"}],"author":[{"embeddable":true,"href":"https:\/\/realitatearutiera.ro\/index.php?rest_route=\/wp\/v2\/users\/1"}],"replies":[{"embeddable":true,"href":"https:\/\/realitatearutiera.ro\/index.php?rest_route=%2Fwp%2Fv2%2Fcomments&post=9708"}],"version-history":[{"count":1,"href":"https:\/\/realitatearutiera.ro\/index.php?rest_route=\/wp\/v2\/posts\/9708\/revisions"}],"predecessor-version":[{"id":9713,"href":"https:\/\/realitatearutiera.ro\/index.php?rest_route=\/wp\/v2\/posts\/9708\/revisions\/9713"}],"wp:attachment":[{"href":"https:\/\/realitatearutiera.ro\/index.php?rest_route=%2Fwp%2Fv2%2Fmedia&parent=9708"}],"wp:term":[{"taxonomy":"category","embeddable":true,"href":"https:\/\/realitatearutiera.ro\/index.php?rest_route=%2Fwp%2Fv2%2Fcategories&post=9708"},{"taxonomy":"post_tag","embeddable":true,"href":"https:\/\/realitatearutiera.ro\/index.php?rest_route=%2Fwp%2Fv2%2Ftags&post=9708"}],"curies":[{"name":"wp","href":"https:\/\/api.w.org\/{rel}","templated":true}]}}