{"id":97236,"date":"2023-04-04T08:17:00","date_gmt":"2023-04-04T05:17:00","guid":{"rendered":"https:\/\/realitatearutiera.ro\/?p=97236"},"modified":"2023-04-04T08:17:03","modified_gmt":"2023-04-04T05:17:03","slug":"accidente-rutiere-in-brasov-si-covasna-pe-fondul-vremii-aspre","status":"publish","type":"post","link":"https:\/\/realitatearutiera.ro\/?p=97236","title":{"rendered":"Accidente rutiere \u00een Bra\u0219ov \u0219i Covasna, pe fondul vremii aspre"},"content":{"rendered":"\n<p>Ninsoarea \u0219i viscolul au produs \u00een cursul dimine\u021bii haos \u00een trafic \u00een mai multe jude\u021be din centrul \u0219i nordul Rom\u00e2niei \u0219i au favorizat producerea de accidente.<\/p>\n\n\n\n<figure class=\"wp-block-image\"><img decoding=\"async\" src=\"https:\/\/www.antena3.ro\/thumbs\/big4\/2023\/04\/04\/viscol-ninsoare-stapanire-romania-vreme-accident-rutier-826627.webp\" alt=\"Viscolul \u0219i ninsoarea au pus st\u0103p\u00e2nire pe Rom\u00e2nia! Accidente rutiere \u00een Bra\u0219ov \u0219i Covasna, pe fondul vremii aspre\"\/><\/figure>\n\n\n\n<p>Sursa foto: hepta de\u00a0<a href=\"https:\/\/www.antena3.ro\/autor\/redactia-antena-3-cnn.html\">Redac\u021bia Antena 3 CNN<\/a>\u00a0\u00a0\u00a0 | \u00a0\u00a0\u00a004 Apr 2023 \u00a0\u00a0\u2022\u00a0\u00a0 08:03<\/p>\n\n\n\n<p>Centrul Infotrafic din cadrul Inspectoratului General al Poli\u021biei Rom\u00e2ne anun\u021ba, mar\u021bi diminea\u021b\u0103,&nbsp;c\u0103 pe DN 11 T\u00e2rgu Secuiesc-One\u0219ti, \u00een afara localit\u0103\u021bii Oituz din jude\u021bul Covasna, s-a produs un accident rutier \u00eentre dou\u0103 autovehicule.<\/p>\n\n\n\n<p>O persoan\u0103 r\u0103nit\u0103 a fost descarcerat\u0103 \u0219i prime\u0219te \u00eengrijiri medicale la fa\u021ba locului.<\/p>\n\n\n\n<p>Traficul rutier era oprit de mai multe zeci de minute pe ambele sensuri la ora acestei actualiz\u0103ri.<\/p>\n\n\n\n<p>Din cauza ninsorii abundente \u0219i a\u00a0<a href=\"https:\/\/www.antena3.ro\/tag\/viscol-46933.html\">viscol<\/a>ului,\u00a0<strong>un utilaj de desz\u0103pezire a r\u0103mas imobilizat pe carosabil \u00een jude\u021bul Bra\u0219ov, astfel c\u0103 traficul rutier a fost oprit pe DN 73A, \u00eentre localit\u0103\u021bile R\u00e2\u0219nov \u0219i Predeal.<\/strong><\/p>\n\n\n\n<p>Sursa:antena3<\/p>\n","protected":false},"excerpt":{"rendered":"<p>Ninsoarea \u0219i viscolul au produs \u00een cursul dimine\u021bii haos \u00een trafic \u00een mai multe jude\u021be din centrul \u0219i nordul Rom\u00e2niei<\/p>\n","protected":false},"author":1,"featured_media":97237,"comment_status":"open","ping_status":"closed","sticky":false,"template":"","format":"standard","meta":{"spay_email":"","footnotes":"","jetpack_publicize_message":""},"categories":[6],"tags":[],"class_list":["post-97236","post","type-post","status-publish","format-standard","has-post-thumbnail","hentry","category-social"],"jetpack_featured_media_url":"https:\/\/i2.wp.com\/realitatearutiera.ro\/wp-content\/uploads\/2023\/04\/viscol-ninsoare-stapanire-romania-vreme-accident-rutier-826627.jpg?fit=970%2C565&ssl=1","jetpack_publicize_connections":[],"jetpack_sharing_enabled":true,"jetpack_shortlink":"https:\/\/wp.me\/p61naM-pik","jetpack-related-posts":[],"_links":{"self":[{"href":"https:\/\/realitatearutiera.ro\/index.php?rest_route=\/wp\/v2\/posts\/97236","targetHints":{"allow":["GET"]}}],"collection":[{"href":"https:\/\/realitatearutiera.ro\/index.php?rest_route=\/wp\/v2\/posts"}],"about":[{"href":"https:\/\/realitatearutiera.ro\/index.php?rest_route=\/wp\/v2\/types\/post"}],"author":[{"embeddable":true,"href":"https:\/\/realitatearutiera.ro\/index.php?rest_route=\/wp\/v2\/users\/1"}],"replies":[{"embeddable":true,"href":"https:\/\/realitatearutiera.ro\/index.php?rest_route=%2Fwp%2Fv2%2Fcomments&post=97236"}],"version-history":[{"count":1,"href":"https:\/\/realitatearutiera.ro\/index.php?rest_route=\/wp\/v2\/posts\/97236\/revisions"}],"predecessor-version":[{"id":97238,"href":"https:\/\/realitatearutiera.ro\/index.php?rest_route=\/wp\/v2\/posts\/97236\/revisions\/97238"}],"wp:featuredmedia":[{"embeddable":true,"href":"https:\/\/realitatearutiera.ro\/index.php?rest_route=\/wp\/v2\/media\/97237"}],"wp:attachment":[{"href":"https:\/\/realitatearutiera.ro\/index.php?rest_route=%2Fwp%2Fv2%2Fmedia&parent=97236"}],"wp:term":[{"taxonomy":"category","embeddable":true,"href":"https:\/\/realitatearutiera.ro\/index.php?rest_route=%2Fwp%2Fv2%2Fcategories&post=97236"},{"taxonomy":"post_tag","embeddable":true,"href":"https:\/\/realitatearutiera.ro\/index.php?rest_route=%2Fwp%2Fv2%2Ftags&post=97236"}],"curies":[{"name":"wp","href":"https:\/\/api.w.org\/{rel}","templated":true}]}}