{"id":97429,"date":"2023-04-06T21:27:56","date_gmt":"2023-04-06T18:27:56","guid":{"rendered":"http:\/\/realitatearutiera.ro\/?p=97429"},"modified":"2023-04-06T21:27:59","modified_gmt":"2023-04-06T18:27:59","slug":"un-tanar-de-19-ani-a-fost-ranit-dupa-ce-a-intrat-cu-masina-intr-un-stalp-pe-o-sosea-din-prahova","status":"publish","type":"post","link":"https:\/\/realitatearutiera.ro\/?p=97429","title":{"rendered":"Un t\u00e2n\u0103r de 19 ani a fost r\u0103nit, dup\u0103 ce a intrat cu ma\u0219ina \u00eentr-un st\u00e2lp, pe o \u0219osea din Prahova"},"content":{"rendered":"\n<p><strong>Un t\u00e2n\u0103r de 19 ani a fost r\u0103nit, joi dup\u0103-amiaz\u0103 dup\u0103 ce a intrat cu ma\u0219ina \u00eentr-un st\u00e2lp, pe o \u0219osea din Prahova.<\/strong><\/p>\n\n\n\n<p>Potrivit ISU Prahova, pompierii prahoveni au ac\u021bionat pentru descarcerarea unei persoane \u00een V\u0103lenii de Munte, str. Cuza Voda.<\/p>\n\n\n\n<p>\u00cen eveniment a fost implicat un singur autoturism \u00een care se afla doar conduc\u0103torul auto.<\/p>\n\n\n\n<p>Acesta a p\u0103r\u0103sit partea carosabil\u0103 \u0219i a intrat \u00eentr-un st\u00e2lp.<\/p>\n\n\n\n<p>Victima este \u00eencarcerat\u0103, dar con\u0219tient\u0103.<\/p>\n\n\n\n<p>For\u021be alocate: o autospecial\u0103 de stingere cu modul de descarcerare.<\/p>\n\n\n\n<h4 class=\"wp-block-heading\">Accident \u00een V\u0103lenii de Munte. Preciz\u0103rile poli\u021bi\u0219tilor<\/h4>\n\n\n\n<p>Potrivit IPJ Prahova, accidentul rutier s-a produs \u00een V\u0103lenii de Munte, strada Cuza Voda, pe DJ102 B.<\/p>\n\n\n\n<p>Din primele date, un t\u00e2n\u0103r \u00een v\u00e2rst\u0103 de 19 ani \u00een timp ce se deplasa cu un autoturism pe DJ 102 \u00een V\u0103lenii de Munte la un moment dat a pierdut controlul asupra direc\u021biei de deplasare \u0219i a intrat cu ma\u0219ina \u00eentr-un st\u00e2lp.<\/p>\n\n\n\n<p>T\u00e2n\u0103rul a fost asistat medical la fa\u021ba locului, urm\u00e2nd s\u0103 fie transport la spital pentru \u00eengrijiri medicale de specialitate.<\/p>\n\n\n\n<p>Poli\u021bi\u0219tii continu\u0103 cercet\u0103rile pentru stabilirea tuturor \u00eemprejur\u0103rilor \u00een care s-a produs accidentul rutier.<\/p>\n\n\n\n<p>Sursa:romania24<\/p>\n","protected":false},"excerpt":{"rendered":"<p>Un t\u00e2n\u0103r de 19 ani a fost r\u0103nit, joi dup\u0103-amiaz\u0103 dup\u0103 ce a intrat cu ma\u0219ina \u00eentr-un st\u00e2lp, pe o<\/p>\n","protected":false},"author":1,"featured_media":96612,"comment_status":"open","ping_status":"closed","sticky":false,"template":"","format":"standard","meta":{"spay_email":"","footnotes":"","jetpack_publicize_message":""},"categories":[1],"tags":[],"class_list":["post-97429","post","type-post","status-publish","format-standard","has-post-thumbnail","hentry","category-uncategorized"],"jetpack_featured_media_url":"https:\/\/i1.wp.com\/realitatearutiera.ro\/wp-content\/uploads\/2023\/03\/accident_2777d40c6e.jpg?fit=1920%2C1080&ssl=1","jetpack_publicize_connections":[],"jetpack_sharing_enabled":true,"jetpack_shortlink":"https:\/\/wp.me\/p61naM-plr","jetpack-related-posts":[],"_links":{"self":[{"href":"https:\/\/realitatearutiera.ro\/index.php?rest_route=\/wp\/v2\/posts\/97429","targetHints":{"allow":["GET"]}}],"collection":[{"href":"https:\/\/realitatearutiera.ro\/index.php?rest_route=\/wp\/v2\/posts"}],"about":[{"href":"https:\/\/realitatearutiera.ro\/index.php?rest_route=\/wp\/v2\/types\/post"}],"author":[{"embeddable":true,"href":"https:\/\/realitatearutiera.ro\/index.php?rest_route=\/wp\/v2\/users\/1"}],"replies":[{"embeddable":true,"href":"https:\/\/realitatearutiera.ro\/index.php?rest_route=%2Fwp%2Fv2%2Fcomments&post=97429"}],"version-history":[{"count":1,"href":"https:\/\/realitatearutiera.ro\/index.php?rest_route=\/wp\/v2\/posts\/97429\/revisions"}],"predecessor-version":[{"id":97430,"href":"https:\/\/realitatearutiera.ro\/index.php?rest_route=\/wp\/v2\/posts\/97429\/revisions\/97430"}],"wp:featuredmedia":[{"embeddable":true,"href":"https:\/\/realitatearutiera.ro\/index.php?rest_route=\/wp\/v2\/media\/96612"}],"wp:attachment":[{"href":"https:\/\/realitatearutiera.ro\/index.php?rest_route=%2Fwp%2Fv2%2Fmedia&parent=97429"}],"wp:term":[{"taxonomy":"category","embeddable":true,"href":"https:\/\/realitatearutiera.ro\/index.php?rest_route=%2Fwp%2Fv2%2Fcategories&post=97429"},{"taxonomy":"post_tag","embeddable":true,"href":"https:\/\/realitatearutiera.ro\/index.php?rest_route=%2Fwp%2Fv2%2Ftags&post=97429"}],"curies":[{"name":"wp","href":"https:\/\/api.w.org\/{rel}","templated":true}]}}