{"id":97448,"date":"2023-04-07T16:45:49","date_gmt":"2023-04-07T13:45:49","guid":{"rendered":"http:\/\/realitatearutiera.ro\/?p=97448"},"modified":"2023-04-07T16:45:51","modified_gmt":"2023-04-07T13:45:51","slug":"toate-drumurile-nationale-din-judetul-suceava-au-fost-redeschise-circulatiei","status":"publish","type":"post","link":"https:\/\/realitatearutiera.ro\/?p=97448","title":{"rendered":"Toate drumurile na\u0163ionale din jude\u021bul Suceava au fost redeschise circula\u0163iei"},"content":{"rendered":"\n<p><strong>Prefectura Suceava a anun\u021bat c\u0103 toate drumurile na\u021bionale din jude\u021b au fost redeschise traficului rutier vineri dup\u0103-amiaza, \u00eencep\u00e2nd cu ora 15:00.<\/strong><\/p>\n\n\n\n<p>Potrivit Prefecturii Suceava, pe raza jude\u0163ului nu mai exist\u0103 \u00een prezent restric\u0163ii de circula\u0163ie la nivelul drumurilor na\u0163ionale \u015fi europene.<\/p>\n\n\n\n<p>Totodat\u0103, sursa citat\u0103 a precizat c\u0103 a fost redeschis traficului rutier \u015fi drumul jude\u0163ean DJ 209C Suceava \u2013 Moara \u2013 Berchi\u015fe\u015fti.<\/p>\n\n\n\n<p>Mai multe sectoare de drumuri na\u0163ionale din jude\u0163ul Suceava \u2013 DN 29A, DN 2K, DN 2, DN 17A, DN 17 \u015fi DN 29 au fost \u00eenchise circula\u0163iei \u00eencep\u00e2nd din diminea\u0163a zilei de joi, av\u00e2nd \u00een vedere condi\u0163iile meteo nefavorabile, jude\u0163ul fiind sub avertizare de cod ro\u015fu de viscol puternic. <\/p>\n\n\n\n<p>Sursa:romania24<\/p>\n","protected":false},"excerpt":{"rendered":"<p>Prefectura Suceava a anun\u021bat c\u0103 toate drumurile na\u021bionale din jude\u021b au fost redeschise traficului rutier vineri dup\u0103-amiaza, \u00eencep\u00e2nd cu ora<\/p>\n","protected":false},"author":1,"featured_media":92211,"comment_status":"open","ping_status":"closed","sticky":false,"template":"","format":"standard","meta":{"spay_email":"","footnotes":"","jetpack_publicize_message":""},"categories":[6],"tags":[],"class_list":["post-97448","post","type-post","status-publish","format-standard","has-post-thumbnail","hentry","category-social"],"jetpack_featured_media_url":"https:\/\/realitatearutiera.ro\/wp-content\/uploads\/2022\/11\/info-trafic-observatorulnational-1.webp","jetpack_publicize_connections":[],"jetpack_sharing_enabled":true,"jetpack_shortlink":"https:\/\/wp.me\/p61naM-plK","jetpack-related-posts":[],"_links":{"self":[{"href":"https:\/\/realitatearutiera.ro\/index.php?rest_route=\/wp\/v2\/posts\/97448","targetHints":{"allow":["GET"]}}],"collection":[{"href":"https:\/\/realitatearutiera.ro\/index.php?rest_route=\/wp\/v2\/posts"}],"about":[{"href":"https:\/\/realitatearutiera.ro\/index.php?rest_route=\/wp\/v2\/types\/post"}],"author":[{"embeddable":true,"href":"https:\/\/realitatearutiera.ro\/index.php?rest_route=\/wp\/v2\/users\/1"}],"replies":[{"embeddable":true,"href":"https:\/\/realitatearutiera.ro\/index.php?rest_route=%2Fwp%2Fv2%2Fcomments&post=97448"}],"version-history":[{"count":1,"href":"https:\/\/realitatearutiera.ro\/index.php?rest_route=\/wp\/v2\/posts\/97448\/revisions"}],"predecessor-version":[{"id":97449,"href":"https:\/\/realitatearutiera.ro\/index.php?rest_route=\/wp\/v2\/posts\/97448\/revisions\/97449"}],"wp:featuredmedia":[{"embeddable":true,"href":"https:\/\/realitatearutiera.ro\/index.php?rest_route=\/wp\/v2\/media\/92211"}],"wp:attachment":[{"href":"https:\/\/realitatearutiera.ro\/index.php?rest_route=%2Fwp%2Fv2%2Fmedia&parent=97448"}],"wp:term":[{"taxonomy":"category","embeddable":true,"href":"https:\/\/realitatearutiera.ro\/index.php?rest_route=%2Fwp%2Fv2%2Fcategories&post=97448"},{"taxonomy":"post_tag","embeddable":true,"href":"https:\/\/realitatearutiera.ro\/index.php?rest_route=%2Fwp%2Fv2%2Ftags&post=97448"}],"curies":[{"name":"wp","href":"https:\/\/api.w.org\/{rel}","templated":true}]}}