{"id":97463,"date":"2023-04-10T08:18:05","date_gmt":"2023-04-10T05:18:05","guid":{"rendered":"https:\/\/realitatearutiera.ro\/?p=97463"},"modified":"2023-04-10T08:18:10","modified_gmt":"2023-04-10T05:18:10","slug":"o-femeie-a-murit-iar-alta-a-ramas-incarcerata-dupa-un-accident-cumplit-intre-patru-masini-in-floresti-cluj","status":"publish","type":"post","link":"https:\/\/realitatearutiera.ro\/?p=97463","title":{"rendered":"O femeie a murit, iar alta a r\u0103mas \u00eencarcerat\u0103, dup\u0103 un accident cumplit \u00eentre patru ma\u015fini, \u00een Flore\u015fti, Cluj"},"content":{"rendered":"\n<p>O femeie \u015fi-a pierdut via\u0163a, iar alta a r\u0103mas \u00eencarcerat\u0103 \u00eentr-o ma\u015fin\u0103 distrus\u0103, dup\u0103 un accident \u00een care au fost implicate dou\u0103 autoturisme, o autoutilitar\u0103 \u015fi un autobuz, \u00een Flore\u015fti, jude\u0163ul Cluj.<\/p>\n\n\n\n<figure class=\"wp-block-image\"><img decoding=\"async\" src=\"https:\/\/www.antena3.ro\/thumbs\/big4\/2023\/04\/10\/o-femeie-a-murit-accident-patru-masini-floresti-cluj-827764.webp\" alt=\"O femeie a murit, iar alta a r\u0103mas \u00eencarcerat\u0103, dup\u0103 un accident cumplit \u00eentre patru ma\u015fini, \u00een Flore\u015fti, Cluj\"\/><\/figure>\n\n\n\n<p>Sursa foto: cluj24.ro de\u00a0<a href=\"https:\/\/www.antena3.ro\/autor\/georgiana-adam.html\">Georgiana Adam<\/a>\u00a0\u00a0\u00a0 | \u00a0\u00a0\u00a010 Apr 2023 \u00a0\u00a0\u2022\u00a0\u00a0 07:23<\/p>\n\n\n\n<p>Dou\u0103 autoturisme, o autoutilitar\u0103 \u0219i un autobuz au fost implicate \u00een aceast\u0103 diminea\u0163\u0103 \u00eentr-un accident \u00een comuna clujean\u0103 Flore\u0219ti. O femeie a murit, iar alte dou\u0103 persoane au fost transportate la spital.<\/p>\n\n\n\n<p>Conform IPJ Cluj, accidentul s-a produs pe DN1 E60, \u00een afara localit\u0103\u021bii Flore\u0219ti.<\/p>\n\n\n\n<p>Conform primelor cercet\u0103ri a reie\u0219it faptul c\u0103 o femeie \u00een v\u00e2rst\u0103 de 55 de ani, care conducea autoturismul \u00eenspre municipiul Cluj-Napoca, ar fi p\u0103truns pe sensul opus de mers, intr\u00e2nd \u00een coliziune cu o autoutilitar\u0103.<\/p>\n\n\n\n<p>\u00cen urma impactului, autoutilitara ar fi intrat \u00een coliziune cu un alt autoturism, aflat pe sensul ei de mers, iar autoturismul condus de femeie a acor\u0219at un autobuz care circula \u00eenspre Cluj-Napoca.<\/p>\n\n\n\n<p>Potrivit ISU Cluj, \u00eentr-unul dintre autoturisme dou\u0103 femei de aproximativ 50 de ani au r\u0103mas \u00eencarcerate. Victimele au fost extrase de pompieri.<\/p>\n\n\n\n<p>\u00cen cazul uneia dintre acestea s-au aplicat manevre de resuscitare, \u00eens\u0103 f\u0103r\u0103 succes, medicii declar\u00e2nd decesul victimei.<\/p>\n\n\n\n<p>Cealalt\u0103 femeie a fost transportat\u0103 la spital. Ulterior a fost transportat la spital \u0219i un b\u0103rbat de aproximativ 45 de ani.<\/p>\n\n\n\n<p>Niciunul dintre pasagerii din autobuz nu a avut nevoie de \u00eengrijiri medicale, potrivit Mediafax.<\/p>\n","protected":false},"excerpt":{"rendered":"<p>O femeie \u015fi-a pierdut via\u0163a, iar alta a r\u0103mas \u00eencarcerat\u0103 \u00eentr-o ma\u015fin\u0103 distrus\u0103, dup\u0103 un accident \u00een care au fost<\/p>\n","protected":false},"author":1,"featured_media":89078,"comment_status":"open","ping_status":"closed","sticky":false,"template":"","format":"standard","meta":{"spay_email":"","footnotes":"","jetpack_publicize_message":""},"categories":[1],"tags":[],"class_list":["post-97463","post","type-post","status-publish","format-standard","has-post-thumbnail","hentry","category-uncategorized"],"jetpack_featured_media_url":"https:\/\/i1.wp.com\/realitatearutiera.ro\/wp-content\/uploads\/2022\/08\/accident-indicator-rutier-generic-a5539.jpg?fit=1200%2C802&ssl=1","jetpack_publicize_connections":[],"jetpack_sharing_enabled":true,"jetpack_shortlink":"https:\/\/wp.me\/p61naM-plZ","jetpack-related-posts":[],"_links":{"self":[{"href":"https:\/\/realitatearutiera.ro\/index.php?rest_route=\/wp\/v2\/posts\/97463","targetHints":{"allow":["GET"]}}],"collection":[{"href":"https:\/\/realitatearutiera.ro\/index.php?rest_route=\/wp\/v2\/posts"}],"about":[{"href":"https:\/\/realitatearutiera.ro\/index.php?rest_route=\/wp\/v2\/types\/post"}],"author":[{"embeddable":true,"href":"https:\/\/realitatearutiera.ro\/index.php?rest_route=\/wp\/v2\/users\/1"}],"replies":[{"embeddable":true,"href":"https:\/\/realitatearutiera.ro\/index.php?rest_route=%2Fwp%2Fv2%2Fcomments&post=97463"}],"version-history":[{"count":1,"href":"https:\/\/realitatearutiera.ro\/index.php?rest_route=\/wp\/v2\/posts\/97463\/revisions"}],"predecessor-version":[{"id":97464,"href":"https:\/\/realitatearutiera.ro\/index.php?rest_route=\/wp\/v2\/posts\/97463\/revisions\/97464"}],"wp:featuredmedia":[{"embeddable":true,"href":"https:\/\/realitatearutiera.ro\/index.php?rest_route=\/wp\/v2\/media\/89078"}],"wp:attachment":[{"href":"https:\/\/realitatearutiera.ro\/index.php?rest_route=%2Fwp%2Fv2%2Fmedia&parent=97463"}],"wp:term":[{"taxonomy":"category","embeddable":true,"href":"https:\/\/realitatearutiera.ro\/index.php?rest_route=%2Fwp%2Fv2%2Fcategories&post=97463"},{"taxonomy":"post_tag","embeddable":true,"href":"https:\/\/realitatearutiera.ro\/index.php?rest_route=%2Fwp%2Fv2%2Ftags&post=97463"}],"curies":[{"name":"wp","href":"https:\/\/api.w.org\/{rel}","templated":true}]}}