{"id":97651,"date":"2023-04-18T08:15:41","date_gmt":"2023-04-18T05:15:41","guid":{"rendered":"https:\/\/realitatearutiera.ro\/?p=97651"},"modified":"2023-04-18T08:15:52","modified_gmt":"2023-04-18T05:15:52","slug":"situatia-traficului-la-ora-06-30-12","status":"publish","type":"post","link":"https:\/\/realitatearutiera.ro\/?p=97651","title":{"rendered":"SITUA\u021aIA TRAFICULUI LA ORA 06.30"},"content":{"rendered":"\n<p><strong>Ora:&nbsp;<\/strong>06:30<\/p>\n\n\n\n<p><strong>Centrul INFOTRAFIC din Inspectoratul General al Poli\u0163iei Rom\u00e2ne<\/strong>&nbsp;informeaz\u0103 c\u0103 la aceast\u0103 or\u0103 nu sunt semnalate drumuri na\u021bionale sau autostr\u0103zi cu circula\u021bia oprit\u0103 ca urmare a vreunui eveniment rutier.<\/p>\n\n\n\n<p>Pe arterele rutiere principale, respectiv autostr\u0103zile A1 Bucure\u0219ti &#8211; Pite\u0219ti, A2 Bucure\u0219ti \u2013 Constan\u021ba, A3 Bucure\u0219ti \u2013 Ploie\u0219ti, DN 1 Ploie\u0219ti-Bra\u0219ov, traficul se desf\u0103\u0219oar\u0103 pe un carosabil umed, cu vizibilitate bun\u0103 \u0219i valori normale.<\/p>\n\n\n\n<p>La nivelul \u021b\u0103rii se circul\u0103, \u00een general, pe un carosabil umed, izolat cu precipita\u021bii slabe sub form\u0103 de ploaie.<\/p>\n\n\n\n<p>Pe DN 7CC (Centura C\u0103lim\u0103ne\u0219ti) traficul este blocat la kilometrul 3+150 metri, din cauza c\u0103derilor de pietre de pe versan\u021bi, fiind deviat\u0103 circula\u021bia pe DN 7.<\/p>\n\n\n\n<p>Recomand\u0103m conduc\u0103torilor auto s\u0103 circule cu viteza adaptat\u0103 condi\u0163iilor din trafic \u0219i de drum, s\u0103 manifeste pruden\u0163\u0103 la volan, s\u0103 se asigure \u015fi s\u0103 semnalizeze \u00eenainte de schimbarea direc\u0163iei de deplasare, s\u0103 creasc\u0103 distan\u0163a de siguran\u0163\u0103 \u00eentre vehicule atunci c\u00e2nd ruleaz\u0103 pe un carosabil umed \u0219i s\u0103 foloseasc\u0103 \u00een mod corespunz\u0103tor sistemele de dezaburire, care s\u0103 le asigure o bun\u0103 vizibilitate.<\/p>\n","protected":false},"excerpt":{"rendered":"<p>Ora:&nbsp;06:30 Centrul INFOTRAFIC din Inspectoratul General al Poli\u0163iei Rom\u00e2ne&nbsp;informeaz\u0103 c\u0103 la aceast\u0103 or\u0103 nu sunt semnalate drumuri na\u021bionale sau autostr\u0103zi<\/p>\n","protected":false},"author":1,"featured_media":89165,"comment_status":"open","ping_status":"closed","sticky":false,"template":"","format":"standard","meta":{"spay_email":"","footnotes":"","jetpack_publicize_message":""},"categories":[54],"tags":[],"class_list":["post-97651","post","type-post","status-publish","format-standard","has-post-thumbnail","hentry","category-informatii-rutiere"],"jetpack_featured_media_url":"https:\/\/i2.wp.com\/realitatearutiera.ro\/wp-content\/uploads\/2022\/08\/infotrafic-e1535778443522.jpg?fit=332%2C231&ssl=1","jetpack_publicize_connections":[],"jetpack_sharing_enabled":true,"jetpack_shortlink":"https:\/\/wp.me\/p61naM-pp1","jetpack-related-posts":[],"_links":{"self":[{"href":"https:\/\/realitatearutiera.ro\/index.php?rest_route=\/wp\/v2\/posts\/97651","targetHints":{"allow":["GET"]}}],"collection":[{"href":"https:\/\/realitatearutiera.ro\/index.php?rest_route=\/wp\/v2\/posts"}],"about":[{"href":"https:\/\/realitatearutiera.ro\/index.php?rest_route=\/wp\/v2\/types\/post"}],"author":[{"embeddable":true,"href":"https:\/\/realitatearutiera.ro\/index.php?rest_route=\/wp\/v2\/users\/1"}],"replies":[{"embeddable":true,"href":"https:\/\/realitatearutiera.ro\/index.php?rest_route=%2Fwp%2Fv2%2Fcomments&post=97651"}],"version-history":[{"count":1,"href":"https:\/\/realitatearutiera.ro\/index.php?rest_route=\/wp\/v2\/posts\/97651\/revisions"}],"predecessor-version":[{"id":97652,"href":"https:\/\/realitatearutiera.ro\/index.php?rest_route=\/wp\/v2\/posts\/97651\/revisions\/97652"}],"wp:featuredmedia":[{"embeddable":true,"href":"https:\/\/realitatearutiera.ro\/index.php?rest_route=\/wp\/v2\/media\/89165"}],"wp:attachment":[{"href":"https:\/\/realitatearutiera.ro\/index.php?rest_route=%2Fwp%2Fv2%2Fmedia&parent=97651"}],"wp:term":[{"taxonomy":"category","embeddable":true,"href":"https:\/\/realitatearutiera.ro\/index.php?rest_route=%2Fwp%2Fv2%2Fcategories&post=97651"},{"taxonomy":"post_tag","embeddable":true,"href":"https:\/\/realitatearutiera.ro\/index.php?rest_route=%2Fwp%2Fv2%2Ftags&post=97651"}],"curies":[{"name":"wp","href":"https:\/\/api.w.org\/{rel}","templated":true}]}}