{"id":97875,"date":"2023-04-21T10:22:51","date_gmt":"2023-04-21T07:22:51","guid":{"rendered":"https:\/\/realitatearutiera.ro\/?p=97875"},"modified":"2023-04-21T10:22:53","modified_gmt":"2023-04-21T07:22:53","slug":"arges-trei-persoane-au-ajuns-la-spital-in-urma-unui-accident-rutier","status":"publish","type":"post","link":"https:\/\/realitatearutiera.ro\/?p=97875","title":{"rendered":"Arge\u0219. Trei persoane au ajuns la spital \u00een urma unui accident rutier"},"content":{"rendered":"\n<p><strong>Dou\u0103 persoane au r\u0103mas \u00eencarcerate \u00een urma unui accident produs, vineri diminea\u021b\u0103 pe o \u0219osea din Arge\u0219. O alt\u0103 persoane a fost, de asemenea transportat\u0103 la spital.<\/strong><\/p>\n\n\n\n<p>Potrivit ISU Arge\u0219, pompierii au intervenit \u00een cazul unui accident rutier pe raza localit\u0103\u021bii Lunca Corbului.<\/p>\n\n\n\n<p>A fost vorba despre un autoturism care a intrat \u00eentr-un cap de pod.<\/p>\n\n\n\n<p>\u00cen urma incidentului, dou\u0103 persoane au fost g\u0103site blocate \u00een interiorul autoturismului, iar pompierii au efectuat manevre pentru extragerea acestora \u0219i predarea c\u0103tre personalul medical sosit la fa\u021ba locului.<\/p>\n\n\n\n<p>Dou\u0103 persoane adulte de sex masculin prezint\u0103 mai multe traumatisme \u0219i au fost preluate de c\u0103tre dou\u0103 echipaje SAJ.<\/p>\n\n\n\n<p>Cea de a treia persoan\u0103, b\u0103iat \u00een v\u00e2rst\u0103 de 14 ani, a fost g\u0103sit\u0103 ne\u00eencarcerat\u0103 \u0219i a fost preluat\u0103 con\u0219tient\u0103 de c\u0103tre paramedicii SMURD \u0219i prezenta leziuni la membrele st\u00e2ngi \u0219i la fa\u021b\u0103.<\/p>\n\n\n\n<p>Toate victimele au fost transportate la spitale.<\/p>\n\n\n\n<p>La fa\u021ba locului au intervenit pompierii pentru descarcerarea \u0219i asigurarea m\u0103surilor de prevenire ale incendiilor, precum \u0219i pentru a asigura asisten\u021ba medical\u0103 al\u0103turi de un echipaj al SAJ.<\/p>\n\n\n\n<p>Sursa:romania24<\/p>\n","protected":false},"excerpt":{"rendered":"<p>Dou\u0103 persoane au r\u0103mas \u00eencarcerate \u00een urma unui accident produs, vineri diminea\u021b\u0103 pe o \u0219osea din Arge\u0219. O alt\u0103 persoane<\/p>\n","protected":false},"author":1,"featured_media":89078,"comment_status":"open","ping_status":"closed","sticky":false,"template":"","format":"standard","meta":{"spay_email":"","footnotes":"","jetpack_publicize_message":""},"categories":[1],"tags":[],"class_list":["post-97875","post","type-post","status-publish","format-standard","has-post-thumbnail","hentry","category-uncategorized"],"jetpack_featured_media_url":"https:\/\/i1.wp.com\/realitatearutiera.ro\/wp-content\/uploads\/2022\/08\/accident-indicator-rutier-generic-a5539.jpg?fit=1200%2C802&ssl=1","jetpack_publicize_connections":[],"jetpack_sharing_enabled":true,"jetpack_shortlink":"https:\/\/wp.me\/p61naM-psD","jetpack-related-posts":[],"_links":{"self":[{"href":"https:\/\/realitatearutiera.ro\/index.php?rest_route=\/wp\/v2\/posts\/97875","targetHints":{"allow":["GET"]}}],"collection":[{"href":"https:\/\/realitatearutiera.ro\/index.php?rest_route=\/wp\/v2\/posts"}],"about":[{"href":"https:\/\/realitatearutiera.ro\/index.php?rest_route=\/wp\/v2\/types\/post"}],"author":[{"embeddable":true,"href":"https:\/\/realitatearutiera.ro\/index.php?rest_route=\/wp\/v2\/users\/1"}],"replies":[{"embeddable":true,"href":"https:\/\/realitatearutiera.ro\/index.php?rest_route=%2Fwp%2Fv2%2Fcomments&post=97875"}],"version-history":[{"count":1,"href":"https:\/\/realitatearutiera.ro\/index.php?rest_route=\/wp\/v2\/posts\/97875\/revisions"}],"predecessor-version":[{"id":97876,"href":"https:\/\/realitatearutiera.ro\/index.php?rest_route=\/wp\/v2\/posts\/97875\/revisions\/97876"}],"wp:featuredmedia":[{"embeddable":true,"href":"https:\/\/realitatearutiera.ro\/index.php?rest_route=\/wp\/v2\/media\/89078"}],"wp:attachment":[{"href":"https:\/\/realitatearutiera.ro\/index.php?rest_route=%2Fwp%2Fv2%2Fmedia&parent=97875"}],"wp:term":[{"taxonomy":"category","embeddable":true,"href":"https:\/\/realitatearutiera.ro\/index.php?rest_route=%2Fwp%2Fv2%2Fcategories&post=97875"},{"taxonomy":"post_tag","embeddable":true,"href":"https:\/\/realitatearutiera.ro\/index.php?rest_route=%2Fwp%2Fv2%2Ftags&post=97875"}],"curies":[{"name":"wp","href":"https:\/\/api.w.org\/{rel}","templated":true}]}}