{"id":98082,"date":"2023-04-27T08:56:27","date_gmt":"2023-04-27T05:56:27","guid":{"rendered":"https:\/\/realitatearutiera.ro\/?p=98082"},"modified":"2023-04-27T08:56:30","modified_gmt":"2023-04-27T05:56:30","slug":"accident-grav-un-sofer-a-murit-dupa-ce-s-a-rasturnat-cu-masina-in-afara-soselei","status":"publish","type":"post","link":"https:\/\/realitatearutiera.ro\/?p=98082","title":{"rendered":"Accident GRAV: Un \u0219ofer a murit, dup\u0103 ce s-a r\u0103sturnat cu ma\u0219ina \u00een afara \u0219oselei"},"content":{"rendered":"\n<p><strong>Accident cumplit, joi diminea\u021b\u0103, pe Centura de Nord a Craiovei. Un \u0219ofer a murit, dup\u0103 ce s-a r\u0103sturnat cu ma\u0219ina \u00een afara \u0219oselei.<\/strong><\/p>\n\n\n\n<figure class=\"wp-block-image size-full is-resized\"><img loading=\"lazy\" decoding=\"async\" data-attachment-id=\"98083\" data-permalink=\"https:\/\/realitatearutiera.ro\/?attachment_id=98083\" data-orig-file=\"https:\/\/i0.wp.com\/realitatearutiera.ro\/wp-content\/uploads\/2023\/04\/image-59.png?fit=800%2C600&amp;ssl=1\" data-orig-size=\"800,600\" data-comments-opened=\"1\" data-image-meta=\"{&quot;aperture&quot;:&quot;0&quot;,&quot;credit&quot;:&quot;&quot;,&quot;camera&quot;:&quot;&quot;,&quot;caption&quot;:&quot;&quot;,&quot;created_timestamp&quot;:&quot;0&quot;,&quot;copyright&quot;:&quot;&quot;,&quot;focal_length&quot;:&quot;0&quot;,&quot;iso&quot;:&quot;0&quot;,&quot;shutter_speed&quot;:&quot;0&quot;,&quot;title&quot;:&quot;&quot;,&quot;orientation&quot;:&quot;0&quot;}\" data-image-title=\"image-59\" data-image-description=\"\" data-medium-file=\"https:\/\/i0.wp.com\/realitatearutiera.ro\/wp-content\/uploads\/2023\/04\/image-59.png?fit=300%2C225&amp;ssl=1\" data-large-file=\"https:\/\/i0.wp.com\/realitatearutiera.ro\/wp-content\/uploads\/2023\/04\/image-59.png?fit=800%2C600&amp;ssl=1\" src=\"https:\/\/i0.wp.com\/realitatearutiera.ro\/wp-content\/uploads\/2023\/04\/image-59.png?resize=425%2C319&#038;ssl=1\" alt=\"\" class=\"wp-image-98083\" width=\"425\" height=\"319\" srcset=\"https:\/\/i0.wp.com\/realitatearutiera.ro\/wp-content\/uploads\/2023\/04\/image-59.png?w=800&amp;ssl=1 800w, https:\/\/i0.wp.com\/realitatearutiera.ro\/wp-content\/uploads\/2023\/04\/image-59.png?resize=300%2C225&amp;ssl=1 300w, https:\/\/i0.wp.com\/realitatearutiera.ro\/wp-content\/uploads\/2023\/04\/image-59.png?resize=768%2C576&amp;ssl=1 768w\" sizes=\"auto, (max-width: 425px) 100vw, 425px\" data-recalc-dims=\"1\" \/><\/figure>\n\n\n\n<p>Potrivit IPJ Dolj, accidentul, a avut loc joi, 27 aprilie 2023, la ora 06.45, pe D.N. 65 F \u2013 Centura de Nord a Craiovei.<\/p>\n\n\n\n<p>Poli\u021bi\u0219tii deplasa\u021bi la fa\u021ba locului au constatat faptul c\u0103 un b\u0103rbat, de 48 de ani, din comuna \u015eimnicu de Sus, \u00een timp ce conducea un autoturism pe D.N. 65 F \u2013 Centura de Nord a Craiovei, din cauze ce urmeaz\u0103 a fi stabilite \u00een urma cercet\u0103rilor, a p\u0103r\u0103sit partea carosabil\u0103 \u015fi s-a r\u0103sturnat.<\/p>\n\n\n\n<p>\u00cen urma evenimentului rutier, conduc\u0103torul auto a decedat.<\/p>\n\n\n\n<p>\u00cen cauz\u0103, a fost \u00eentocmit dosar penal sub aspectul s\u0103v\u00e2r\u015firii infrac\u0163iunii de ucidere din culp\u0103, cercet\u0103rile fiind continuate pentru stabilirea cu exactitate a \u00eemprejur\u0103rilor \u00een care a avut loc evenimentul.<\/p>\n\n\n\n<p>Sursa:romania24<\/p>\n","protected":false},"excerpt":{"rendered":"<p>Accident cumplit, joi diminea\u021b\u0103, pe Centura de Nord a Craiovei. Un \u0219ofer a murit, dup\u0103 ce s-a r\u0103sturnat cu ma\u0219ina<\/p>\n","protected":false},"author":1,"featured_media":89031,"comment_status":"open","ping_status":"closed","sticky":false,"template":"","format":"standard","meta":{"spay_email":"","footnotes":"","jetpack_publicize_message":""},"categories":[1],"tags":[],"class_list":["post-98082","post","type-post","status-publish","format-standard","has-post-thumbnail","hentry","category-uncategorized"],"jetpack_featured_media_url":"https:\/\/i2.wp.com\/realitatearutiera.ro\/wp-content\/uploads\/2022\/08\/GENERAL-NOU-accident-noaptea1.jpg?fit=800%2C468&ssl=1","jetpack_publicize_connections":[],"jetpack_sharing_enabled":true,"jetpack_shortlink":"https:\/\/wp.me\/p61naM-pvY","jetpack-related-posts":[],"_links":{"self":[{"href":"https:\/\/realitatearutiera.ro\/index.php?rest_route=\/wp\/v2\/posts\/98082","targetHints":{"allow":["GET"]}}],"collection":[{"href":"https:\/\/realitatearutiera.ro\/index.php?rest_route=\/wp\/v2\/posts"}],"about":[{"href":"https:\/\/realitatearutiera.ro\/index.php?rest_route=\/wp\/v2\/types\/post"}],"author":[{"embeddable":true,"href":"https:\/\/realitatearutiera.ro\/index.php?rest_route=\/wp\/v2\/users\/1"}],"replies":[{"embeddable":true,"href":"https:\/\/realitatearutiera.ro\/index.php?rest_route=%2Fwp%2Fv2%2Fcomments&post=98082"}],"version-history":[{"count":1,"href":"https:\/\/realitatearutiera.ro\/index.php?rest_route=\/wp\/v2\/posts\/98082\/revisions"}],"predecessor-version":[{"id":98084,"href":"https:\/\/realitatearutiera.ro\/index.php?rest_route=\/wp\/v2\/posts\/98082\/revisions\/98084"}],"wp:featuredmedia":[{"embeddable":true,"href":"https:\/\/realitatearutiera.ro\/index.php?rest_route=\/wp\/v2\/media\/89031"}],"wp:attachment":[{"href":"https:\/\/realitatearutiera.ro\/index.php?rest_route=%2Fwp%2Fv2%2Fmedia&parent=98082"}],"wp:term":[{"taxonomy":"category","embeddable":true,"href":"https:\/\/realitatearutiera.ro\/index.php?rest_route=%2Fwp%2Fv2%2Fcategories&post=98082"},{"taxonomy":"post_tag","embeddable":true,"href":"https:\/\/realitatearutiera.ro\/index.php?rest_route=%2Fwp%2Fv2%2Ftags&post=98082"}],"curies":[{"name":"wp","href":"https:\/\/api.w.org\/{rel}","templated":true}]}}