{"id":98262,"date":"2023-05-04T08:35:07","date_gmt":"2023-05-04T05:35:07","guid":{"rendered":"https:\/\/realitatearutiera.ro\/?p=98262"},"modified":"2023-05-04T08:35:10","modified_gmt":"2023-05-04T05:35:10","slug":"accident-grav-cu-victime-pe-strada-navodari-din-lumina-judetul-constanta","status":"publish","type":"post","link":"https:\/\/realitatearutiera.ro\/?p=98262","title":{"rendered":"Accident grav cu victime pe strada N\u0103vodari din Lumina, jude\u021bul Constan\u021ba"},"content":{"rendered":"\n<p><strong>Un accident rutier grav soldat cu decesul a dou\u0103 persoane \u0219i r\u0103nirea a altor dou\u0103 a avut loc, miercuri dup\u0103-amiaz\u0103 \u00eentr-o localitate din Constan\u021ba.<\/strong><\/p>\n\n\n\n<p>Potrivit ISU Constan\u021ba, accidentul rutier s-a produs pe strada N\u0103vodari din Lumina, (pod ie\u0219ire din Lumina).<\/p>\n\n\n\n<figure class=\"wp-block-image size-full is-resized\"><img loading=\"lazy\" decoding=\"async\" data-attachment-id=\"98263\" data-permalink=\"https:\/\/realitatearutiera.ro\/?attachment_id=98263\" data-orig-file=\"https:\/\/i1.wp.com\/realitatearutiera.ro\/wp-content\/uploads\/2023\/05\/image-8.png?fit=855%2C473&amp;ssl=1\" data-orig-size=\"855,473\" data-comments-opened=\"1\" data-image-meta=\"{&quot;aperture&quot;:&quot;0&quot;,&quot;credit&quot;:&quot;&quot;,&quot;camera&quot;:&quot;&quot;,&quot;caption&quot;:&quot;&quot;,&quot;created_timestamp&quot;:&quot;0&quot;,&quot;copyright&quot;:&quot;&quot;,&quot;focal_length&quot;:&quot;0&quot;,&quot;iso&quot;:&quot;0&quot;,&quot;shutter_speed&quot;:&quot;0&quot;,&quot;title&quot;:&quot;&quot;,&quot;orientation&quot;:&quot;0&quot;}\" data-image-title=\"image-8\" data-image-description=\"\" data-medium-file=\"https:\/\/i1.wp.com\/realitatearutiera.ro\/wp-content\/uploads\/2023\/05\/image-8.png?fit=300%2C166&amp;ssl=1\" data-large-file=\"https:\/\/i1.wp.com\/realitatearutiera.ro\/wp-content\/uploads\/2023\/05\/image-8.png?fit=800%2C443&amp;ssl=1\" src=\"https:\/\/i1.wp.com\/realitatearutiera.ro\/wp-content\/uploads\/2023\/05\/image-8.png?resize=504%2C278&#038;ssl=1\" alt=\"\" class=\"wp-image-98263\" width=\"504\" height=\"278\" srcset=\"https:\/\/i1.wp.com\/realitatearutiera.ro\/wp-content\/uploads\/2023\/05\/image-8.png?w=855&amp;ssl=1 855w, https:\/\/i1.wp.com\/realitatearutiera.ro\/wp-content\/uploads\/2023\/05\/image-8.png?resize=300%2C166&amp;ssl=1 300w, https:\/\/i1.wp.com\/realitatearutiera.ro\/wp-content\/uploads\/2023\/05\/image-8.png?resize=768%2C425&amp;ssl=1 768w\" sizes=\"auto, (max-width: 504px) 100vw, 504px\" data-recalc-dims=\"1\" \/><\/figure>\n\n\n\n<figure class=\"wp-block-image size-full is-resized\"><img loading=\"lazy\" decoding=\"async\" data-attachment-id=\"98264\" data-permalink=\"https:\/\/realitatearutiera.ro\/?attachment_id=98264\" data-orig-file=\"https:\/\/i2.wp.com\/realitatearutiera.ro\/wp-content\/uploads\/2023\/05\/image-9.png?fit=855%2C470&amp;ssl=1\" data-orig-size=\"855,470\" data-comments-opened=\"1\" data-image-meta=\"{&quot;aperture&quot;:&quot;0&quot;,&quot;credit&quot;:&quot;&quot;,&quot;camera&quot;:&quot;&quot;,&quot;caption&quot;:&quot;&quot;,&quot;created_timestamp&quot;:&quot;0&quot;,&quot;copyright&quot;:&quot;&quot;,&quot;focal_length&quot;:&quot;0&quot;,&quot;iso&quot;:&quot;0&quot;,&quot;shutter_speed&quot;:&quot;0&quot;,&quot;title&quot;:&quot;&quot;,&quot;orientation&quot;:&quot;0&quot;}\" data-image-title=\"image-9\" data-image-description=\"\" data-medium-file=\"https:\/\/i2.wp.com\/realitatearutiera.ro\/wp-content\/uploads\/2023\/05\/image-9.png?fit=300%2C165&amp;ssl=1\" data-large-file=\"https:\/\/i2.wp.com\/realitatearutiera.ro\/wp-content\/uploads\/2023\/05\/image-9.png?fit=800%2C440&amp;ssl=1\" src=\"https:\/\/i2.wp.com\/realitatearutiera.ro\/wp-content\/uploads\/2023\/05\/image-9.png?resize=505%2C277&#038;ssl=1\" alt=\"\" class=\"wp-image-98264\" width=\"505\" height=\"277\" srcset=\"https:\/\/i2.wp.com\/realitatearutiera.ro\/wp-content\/uploads\/2023\/05\/image-9.png?w=855&amp;ssl=1 855w, https:\/\/i2.wp.com\/realitatearutiera.ro\/wp-content\/uploads\/2023\/05\/image-9.png?resize=300%2C165&amp;ssl=1 300w, https:\/\/i2.wp.com\/realitatearutiera.ro\/wp-content\/uploads\/2023\/05\/image-9.png?resize=768%2C422&amp;ssl=1 768w\" sizes=\"auto, (max-width: 505px) 100vw, 505px\" data-recalc-dims=\"1\" \/><\/figure>\n\n\n\n<h4 class=\"wp-block-heading\">UPDATE 18.10. Accident grav \u00een Lumina \u2013 Constan\u021ba.\u00a0 A fost \u00eentocmit dosar penal<\/h4>\n\n\n\n<p>\u201eLa data de 3 mai 2023, \u00een jurul orei 15.20, poli\u021bi\u0219ti din cadrul Serviciului Rutier au fost sesiza\u021bi cu privire la faptul c\u0103, pe strada N\u0103vodari din comuna Lumina, s-a produs un accident de circula\u021bie.<\/p>\n\n\n\n<p>Poli\u021bi\u0219tii deplasa\u021bi la fa\u021ba locului au constatat c\u0103 impactul s-a produs \u00eentre dou\u0103 autoturisme, conduse de doi b\u0103rba\u021bi, de 54 de ani, respectiv 35 de ani, \u0219i un ansamblu de vehicule format dintr-un cap tractor \u0219i semiremorc\u0103, ce era condus de un b\u0103rbat, de 40 de ani.<\/p>\n\n\n\n<p>\u00cen urma accidentului rutier au decedat o femeie, de 37 de ani, \u0219i un b\u0103rbat, de 54 de ani.<\/p>\n\n\n\n<p>Alte dou\u0103 persoane au fost u\u0219or r\u0103nite.<\/p>\n\n\n\n<p>Conduc\u0103torii auto au fost testa\u021bi cu aparatul etilotest, rezultatul fiind negativ.<\/p>\n\n\n\n<p>\u00cen cauz\u0103 s-a \u00eentocmit dosar de cercetare penal\u0103 sub aspectul comiterii infrac\u021biunilor de ucidere din culp\u0103 \u0219i v\u0103t\u0103mare corporal\u0103 din culp\u0103\u201d, precizat reprezentantul IPJ Constan\u021ba.<\/p>\n\n\n\n<p><strong>UPDATE ora 16.30<\/strong>: \u00centr-unul dintre autoturisme se aflau patru victime, dintre care trei \u00eencarcerate, una con\u0219tient\u0103 \u0219i celelalte dou\u0103 incon\u0219tiente. S-au efectuat manevrele de resuscitare pentru dou\u0103 dintre cele trei persoane, dar au fost declarate decedate.<\/p>\n\n\n\n<p><strong>UPDATE ora 16.10<\/strong>: Cele dou\u0103 persoane au fost declarate decedate. B\u0103rbat de 55 de ani \u0219i femeie de 38 de ani.<\/p>\n\n\n\n<p><strong>UPDATE ora 16.00:<\/strong>&nbsp;Sunt 6 victime dintre care dou\u0103 au fost \u00eencarcerate \u0219i sunt incon\u0219tiente, se efectueaz\u0103 manevre de resuscitare. Alte doua victime au fost transportate la spital. Conduc\u0103torii auto din TIR \u0219i auto au refuzat transportul la spital. S-a intervenit cu: ATPVM, 1 ASAS, 2 SMURD B2, 1 SMURD C, Elicopter SMURD si 2 SAJ B.<\/p>\n\n\n\n<h4 class=\"wp-block-heading\">UPDATE 3: Accident grav \u00een Lumina \u2013 Constan\u021ba. Preciz\u0103rile poli\u021bi\u0219tilor<\/h4>\n\n\n\n<p>\u201eLa data de 3 mai 2023, \u00een jurul orei 15.20, poli\u021bi\u0219ti din cadrul Serviciului Rutier au fost sesiza\u021bi cu privire la faptul c\u0103, pe strada N\u0103vodari din<\/p>\n\n\n\n<p>comuna Lumina, s-a produs un accident de circula\u021bie.<\/p>\n\n\n\n<p>Din primele informa\u021bii, impactul s-ar fi produs \u00eentre dou\u0103 autoturisme \u0219i un autotren.<\/p>\n\n\n\n<p>Circula\u021bia rutier\u0103 este oprit\u0103, \u00een vederea efectu\u0103rii cercet\u0103rilor\u201d a precizat reprezentantul IPJ Constan\u021ba.<\/p>\n\n\n\n<p><strong>UPDATE ora 15.50<\/strong>: Celelalte dou\u0103 persoane sunt monitorizate la fa\u021ba locului. \u00cen eveniment au fost implicate \u0219ase persoane.<\/p>\n\n\n\n<p><strong>UPDATE ora 15.46<\/strong>: Se lucreaz\u0103 pentru extragerea celor doua persoane. Una dintre ele a fost extrasa,&nbsp; se efectueaz\u0103 manevrele de resuscitare. A fost extrasa \u0219i cea de a doua persoan\u0103. Femeie, incon\u0219tient\u0103, se aplic\u0103 manevrele de resuscitare.<\/p>\n\n\n\n<h4 class=\"wp-block-heading\">\u0218tirea ini\u021bial\u0103<\/h4>\n\n\n\n<p>\u00cen eveniment au fost implicate dou\u0103 autoturisme ie\u0219ite \u00een afara p\u0103r\u021bii carosabile \u0219i un camion \u00eenc\u0103rcat cu cereale.<\/p>\n\n\n\n<p>\u00cen urma evenimentului rutier au rezultat dou\u0103 victime \u00eencarcerate, una extras\u0103, plus \u0219oferul care se afla \u00een afara autoturismului.<\/p>\n\n\n\n<p>\u00cen al doilea auto, o singur\u0103 persoana, care era ie\u0219it\u0103. \u0218oferul TIR-ului era ie\u0219it \u0219i el. Acesta este con\u0219tient.<\/p>\n\n\n\n<p>A sosit \u0219i elicopterul SMURD la fa\u021ba locului.<\/p>\n\n\n\n<p>Sursa:romania24<\/p>\n","protected":false},"excerpt":{"rendered":"<p>Un accident rutier grav soldat cu decesul a dou\u0103 persoane \u0219i r\u0103nirea a altor dou\u0103 a avut loc, miercuri dup\u0103-amiaz\u0103<\/p>\n","protected":false},"author":1,"featured_media":88920,"comment_status":"open","ping_status":"closed","sticky":false,"template":"","format":"standard","meta":{"spay_email":"","footnotes":"","jetpack_publicize_message":""},"categories":[1],"tags":[],"class_list":["post-98262","post","type-post","status-publish","format-standard","has-post-thumbnail","hentry","category-uncategorized"],"jetpack_featured_media_url":"https:\/\/i1.wp.com\/realitatearutiera.ro\/wp-content\/uploads\/2022\/08\/accc.png?fit=1322%2C742&ssl=1","jetpack_publicize_connections":[],"jetpack_sharing_enabled":true,"jetpack_shortlink":"https:\/\/wp.me\/p61naM-pyS","jetpack-related-posts":[],"_links":{"self":[{"href":"https:\/\/realitatearutiera.ro\/index.php?rest_route=\/wp\/v2\/posts\/98262","targetHints":{"allow":["GET"]}}],"collection":[{"href":"https:\/\/realitatearutiera.ro\/index.php?rest_route=\/wp\/v2\/posts"}],"about":[{"href":"https:\/\/realitatearutiera.ro\/index.php?rest_route=\/wp\/v2\/types\/post"}],"author":[{"embeddable":true,"href":"https:\/\/realitatearutiera.ro\/index.php?rest_route=\/wp\/v2\/users\/1"}],"replies":[{"embeddable":true,"href":"https:\/\/realitatearutiera.ro\/index.php?rest_route=%2Fwp%2Fv2%2Fcomments&post=98262"}],"version-history":[{"count":1,"href":"https:\/\/realitatearutiera.ro\/index.php?rest_route=\/wp\/v2\/posts\/98262\/revisions"}],"predecessor-version":[{"id":98265,"href":"https:\/\/realitatearutiera.ro\/index.php?rest_route=\/wp\/v2\/posts\/98262\/revisions\/98265"}],"wp:featuredmedia":[{"embeddable":true,"href":"https:\/\/realitatearutiera.ro\/index.php?rest_route=\/wp\/v2\/media\/88920"}],"wp:attachment":[{"href":"https:\/\/realitatearutiera.ro\/index.php?rest_route=%2Fwp%2Fv2%2Fmedia&parent=98262"}],"wp:term":[{"taxonomy":"category","embeddable":true,"href":"https:\/\/realitatearutiera.ro\/index.php?rest_route=%2Fwp%2Fv2%2Fcategories&post=98262"},{"taxonomy":"post_tag","embeddable":true,"href":"https:\/\/realitatearutiera.ro\/index.php?rest_route=%2Fwp%2Fv2%2Ftags&post=98262"}],"curies":[{"name":"wp","href":"https:\/\/api.w.org\/{rel}","templated":true}]}}