{"id":98318,"date":"2023-05-04T11:49:29","date_gmt":"2023-05-04T08:49:29","guid":{"rendered":"https:\/\/realitatearutiera.ro\/?p=98318"},"modified":"2023-05-04T11:49:30","modified_gmt":"2023-05-04T08:49:30","slug":"judetil-neamt-trafic-oprit-pe-dn-2","status":"publish","type":"post","link":"https:\/\/realitatearutiera.ro\/?p=98318","title":{"rendered":"JUDE\u021aIL NEAM\u021a: TRAFIC OPRIT PE DN 2"},"content":{"rendered":"\n<p><strong>Data:&nbsp;<\/strong>04 Mai 2023<\/p>\n\n\n\n<p><strong>Ora:&nbsp;<\/strong>11:00<\/p>\n\n\n\n<p><strong>Centrul INFOTRAFIC din Inspectoratul General al Poli\u021biei Rom\u00e2ne&nbsp;<\/strong>informeaz\u0103 c\u0103 o autocistern\u0103 \u00eenc\u0103rcat\u0103 cu motorin\u0103 s-a r\u0103sturnat \u00een afara carosabilului pe DN 2 Bac\u0103u \u2013 Roman, \u00een afara localit\u0103\u021bii Secuienii Noi, jude\u021bul Neam\u021b, incident nesoldat cu victime. Traficul este oprit temporar (pentru aproximativ 60 de minute), ca m\u0103sur\u0103 de siguran\u021b\u0103, fiind prezente scurgeri de combustibil din \u00eenc\u0103rc\u0103tur\u0103.<\/p>\n","protected":false},"excerpt":{"rendered":"<p>Data:&nbsp;04 Mai 2023 Ora:&nbsp;11:00 Centrul INFOTRAFIC din Inspectoratul General al Poli\u021biei Rom\u00e2ne&nbsp;informeaz\u0103 c\u0103 o autocistern\u0103 \u00eenc\u0103rcat\u0103 cu motorin\u0103 s-a r\u0103sturnat<\/p>\n","protected":false},"author":1,"featured_media":89165,"comment_status":"open","ping_status":"closed","sticky":false,"template":"","format":"standard","meta":{"spay_email":"","footnotes":"","jetpack_publicize_message":""},"categories":[54],"tags":[],"class_list":["post-98318","post","type-post","status-publish","format-standard","has-post-thumbnail","hentry","category-informatii-rutiere"],"jetpack_featured_media_url":"https:\/\/i2.wp.com\/realitatearutiera.ro\/wp-content\/uploads\/2022\/08\/infotrafic-e1535778443522.jpg?fit=332%2C231&ssl=1","jetpack_publicize_connections":[],"jetpack_sharing_enabled":true,"jetpack_shortlink":"https:\/\/wp.me\/p61naM-pzM","jetpack-related-posts":[],"_links":{"self":[{"href":"https:\/\/realitatearutiera.ro\/index.php?rest_route=\/wp\/v2\/posts\/98318","targetHints":{"allow":["GET"]}}],"collection":[{"href":"https:\/\/realitatearutiera.ro\/index.php?rest_route=\/wp\/v2\/posts"}],"about":[{"href":"https:\/\/realitatearutiera.ro\/index.php?rest_route=\/wp\/v2\/types\/post"}],"author":[{"embeddable":true,"href":"https:\/\/realitatearutiera.ro\/index.php?rest_route=\/wp\/v2\/users\/1"}],"replies":[{"embeddable":true,"href":"https:\/\/realitatearutiera.ro\/index.php?rest_route=%2Fwp%2Fv2%2Fcomments&post=98318"}],"version-history":[{"count":1,"href":"https:\/\/realitatearutiera.ro\/index.php?rest_route=\/wp\/v2\/posts\/98318\/revisions"}],"predecessor-version":[{"id":98319,"href":"https:\/\/realitatearutiera.ro\/index.php?rest_route=\/wp\/v2\/posts\/98318\/revisions\/98319"}],"wp:featuredmedia":[{"embeddable":true,"href":"https:\/\/realitatearutiera.ro\/index.php?rest_route=\/wp\/v2\/media\/89165"}],"wp:attachment":[{"href":"https:\/\/realitatearutiera.ro\/index.php?rest_route=%2Fwp%2Fv2%2Fmedia&parent=98318"}],"wp:term":[{"taxonomy":"category","embeddable":true,"href":"https:\/\/realitatearutiera.ro\/index.php?rest_route=%2Fwp%2Fv2%2Fcategories&post=98318"},{"taxonomy":"post_tag","embeddable":true,"href":"https:\/\/realitatearutiera.ro\/index.php?rest_route=%2Fwp%2Fv2%2Ftags&post=98318"}],"curies":[{"name":"wp","href":"https:\/\/api.w.org\/{rel}","templated":true}]}}