{"id":98475,"date":"2023-05-09T11:40:47","date_gmt":"2023-05-09T08:40:47","guid":{"rendered":"https:\/\/realitatearutiera.ro\/?p=98475"},"modified":"2023-05-09T11:41:51","modified_gmt":"2023-05-09T08:41:51","slug":"gorj-doua-autoutilitare-s-au-ciocnit-trei-persoane-au-fost-ranite","status":"publish","type":"post","link":"https:\/\/realitatearutiera.ro\/?p=98475","title":{"rendered":"Gorj: Dou\u0103 autoutilitare s-au ciocnit, trei persoane au fost r\u0103nite"},"content":{"rendered":"\n<p>Trei persoane au fost r\u0103nite \u00een urma unui accident care avut loc \u00een diminea\u021ba zilei de mar\u021bi, 9 mai a.c., pe un drum na\u021bional din jude\u021bul Gorj, traficul rutier fiind blocat timp de mai multe ore.<img loading=\"lazy\" decoding=\"async\" src=\"https:\/\/i0.wp.com\/cdn.adh.reperio.news\/image-1\/1902a2c2-69c1-4061-9f2a-cecee79c5d7f\/index.jpeg?resize=800%2C429&#038;ssl=1\" alt=\"Dou\u0103 autoutilitare s-au ciocnit \u00een localitatea Cru\u0219e\u021b, din jude\u021bul Gorj Foto: Politia Gorj\" width=\"800\" height=\"429\"  data-recalc-dims=\"1\"><\/p>\n\n\n\n<p>Dou\u0103 autoutilitare s-au ciocnit \u00een localitatea Cru\u0219e\u021b, din jude\u021bul Gorj Foto: Politia Gorj<\/p>\n\n\n\n<p>Dou\u0103 autoutilitare au intrat \u00een coliziune mar\u021bi, 9 mai a.c., \u00een comuna Cru\u0219e\u021b, din jude\u021bul Gorj, pe Drumul Na\u021bional 6B.<\/p>\n\n\n\n<p><em>\u201ePoli\u021bi\u0219tii Sec\u021biei 8 Poli\u021bie Rural\u0103 Stoina intervin la un accident rutier cu victime, produs pe DN 6 B, \u00een localitatea Cru\u0219e\u021b.&nbsp;<\/em><em>Din primele date, a avut loc o coliziune \u00eentre dou\u0103 autoutilitare. Traficul este blocat\u201c<\/em>, sunt primele informa\u021bii furnizate de c\u0103tre reprezentan\u021bii Inspectoratului de Poli\u021bie al Jude\u021bului (IPJ) Gorj.<\/p>\n\n\n\n<p>Circula\u021bia pe Drumul Na\u021bional 6B a fost reluat\u0103 pe ambele sensuri \u00een jurul orei 11,00.&nbsp;<\/p>\n\n\n\n<p>Accidentul a avut loc din cauza neacord\u0103rii de prioritate<\/p>\n\n\n\n<h2 class=\"wp-block-heading\">O victim\u0103 a fost \u00eencarcerat\u0103<\/h2>\n\n\n\n<p>Florin Chisim, purt\u0103torul de cuv\u00e2nt al Inspectoratului pentru Situa\u021bii de Urgen\u021b\u0103 (ISU) Gorj, a transmis c\u0103 una dintre victime era \u00eencarcerat\u0103 \u0219i a fost nevoie de extragerea acesteia din ma\u0219in\u0103.&nbsp;<\/p>\n\n\n\n<p><em>\u201e\u00cen urm\u0103 cu pu\u021bin timp am fost solicita\u021bi s\u0103 intervenim pentru gestionarea unei situa\u021bii de urgen\u021b\u0103 generat\u0103 de un accident rutier produs pe raza localit\u0103\u021bii Cru\u0219e\u021b \u00een care au fost implicate dou\u0103 autoutilitare.<\/em><\/p>\n\n\n\n<p><em>La fa\u021ba locului s-au deplasat dou\u0103 autospeciale pentru descarcerare \u0219i dou\u0103 ambulan\u021be SMURD din cadrul ISU Gorj, precum \u0219i trei ambulan\u021be din cadrul Serviciului de Ambu\u0219an\u021b\u0103 Jude\u021bean Gorj, echipajele de interventie constat\u00e2nd c\u0103 \u00een urma impactului trei persoane au suferit leziuni, una dintre acestea fiind \u00eencarcerat\u0103.<\/em><\/p>\n\n\n\n<p><em>S-a intervenit pentru extragerea persoanei din autovehicul, concomitent cu acordarea primului ajutor calificat celorlalte dou\u0103.<\/em><\/p>\n\n\n\n<p><em>Este vorba despre trei b\u0103rba\u021bi cu v\u00e2rste de 20, 59 \u0219i 53 de ani.<\/em><\/p>\n\n\n\n<p><em>To\u021bi sunt con\u0219tien\u021bi \u0219i cooperan\u021bi \u0219i au fost transporta\u021bi la spital\u201c,&nbsp;<\/em>a declarat Chisim<em>.<\/em><\/p>\n\n\n\n<p>Cele dou\u0103 autoutilitare au fost avariate aproape \u00een totalitate \u00een urma impactului. Martorii spun c\u0103 acestea circulau \u0219i cu vitez\u0103.<\/p>\n\n\n\n<p>Sursa:adevarul<\/p>\n","protected":false},"excerpt":{"rendered":"<p>Trei persoane au fost r\u0103nite \u00een urma unui accident care avut loc \u00een diminea\u021ba zilei de mar\u021bi, 9 mai a.c.,<\/p>\n","protected":false},"author":1,"featured_media":89078,"comment_status":"open","ping_status":"closed","sticky":false,"template":"","format":"standard","meta":{"spay_email":"","footnotes":"","jetpack_publicize_message":""},"categories":[1],"tags":[],"class_list":["post-98475","post","type-post","status-publish","format-standard","has-post-thumbnail","hentry","category-uncategorized"],"jetpack_featured_media_url":"https:\/\/i1.wp.com\/realitatearutiera.ro\/wp-content\/uploads\/2022\/08\/accident-indicator-rutier-generic-a5539.jpg?fit=1200%2C802&ssl=1","jetpack_publicize_connections":[],"jetpack_sharing_enabled":true,"jetpack_shortlink":"https:\/\/wp.me\/p61naM-pCj","jetpack-related-posts":[],"_links":{"self":[{"href":"https:\/\/realitatearutiera.ro\/index.php?rest_route=\/wp\/v2\/posts\/98475","targetHints":{"allow":["GET"]}}],"collection":[{"href":"https:\/\/realitatearutiera.ro\/index.php?rest_route=\/wp\/v2\/posts"}],"about":[{"href":"https:\/\/realitatearutiera.ro\/index.php?rest_route=\/wp\/v2\/types\/post"}],"author":[{"embeddable":true,"href":"https:\/\/realitatearutiera.ro\/index.php?rest_route=\/wp\/v2\/users\/1"}],"replies":[{"embeddable":true,"href":"https:\/\/realitatearutiera.ro\/index.php?rest_route=%2Fwp%2Fv2%2Fcomments&post=98475"}],"version-history":[{"count":2,"href":"https:\/\/realitatearutiera.ro\/index.php?rest_route=\/wp\/v2\/posts\/98475\/revisions"}],"predecessor-version":[{"id":98477,"href":"https:\/\/realitatearutiera.ro\/index.php?rest_route=\/wp\/v2\/posts\/98475\/revisions\/98477"}],"wp:featuredmedia":[{"embeddable":true,"href":"https:\/\/realitatearutiera.ro\/index.php?rest_route=\/wp\/v2\/media\/89078"}],"wp:attachment":[{"href":"https:\/\/realitatearutiera.ro\/index.php?rest_route=%2Fwp%2Fv2%2Fmedia&parent=98475"}],"wp:term":[{"taxonomy":"category","embeddable":true,"href":"https:\/\/realitatearutiera.ro\/index.php?rest_route=%2Fwp%2Fv2%2Fcategories&post=98475"},{"taxonomy":"post_tag","embeddable":true,"href":"https:\/\/realitatearutiera.ro\/index.php?rest_route=%2Fwp%2Fv2%2Ftags&post=98475"}],"curies":[{"name":"wp","href":"https:\/\/api.w.org\/{rel}","templated":true}]}}