{"id":98557,"date":"2023-05-11T09:00:40","date_gmt":"2023-05-11T06:00:40","guid":{"rendered":"https:\/\/realitatearutiera.ro\/?p=98557"},"modified":"2023-05-11T09:00:43","modified_gmt":"2023-05-11T06:00:43","slug":"mult-asteptatul-program-rabla-local-ar-putea-sa-reincepa-in-curand","status":"publish","type":"post","link":"https:\/\/realitatearutiera.ro\/?p=98557","title":{"rendered":"Mult a\u0219teptatul program Rabla Local ar putea s\u0103 re\u00eencep\u0103 \u00een cur\u00e2nd"},"content":{"rendered":"\n<p>Mult a\u0219teptatul program Rabla Local, v\u00e2nat de obicei de rom\u00e2nii care ma\u0219ini vechi \u0219i venitul mici, ar putea s\u0103 re\u00eencep\u0103 \u00een cur\u00e2nd. Click! \u00ee\u021bi d\u0103 ultimele detalii.<img loading=\"lazy\" decoding=\"async\" src=\"https:\/\/i2.wp.com\/cdn.adh.reperio.news\/image-c\/c15f9fa4-3f7c-4e21-b10a-60798528ef08\/index.jpeg?resize=800%2C429&#038;ssl=1\" alt=\"Data oficial\u0103 a \u00eenceperii programului Rabla Local nu a fost \u00eenc\u0103 stabilit\u0103 \/ foto: pixabay\" width=\"800\" height=\"429\"  data-recalc-dims=\"1\"><\/p>\n\n\n\n<p>Data oficial\u0103 a \u00eenceperii programului Rabla Local nu a fost \u00eenc\u0103 stabilit\u0103 \/ foto: pixabay<\/p>\n\n\n\n<p>A\u0219a cum s-a \u00eent\u00e2mplat \u0219i cu alte ocazii, programul prevede acordarea unui voucher de 3.000 de lei pentru cei care duc o<a href=\"https:\/\/click.ro\/actualitate\/fapt-divers\/rabla-electrocasnice-2022-cand-incepe-prima-etapa-2221661.html\">&nbsp;rabl\u0103&nbsp;<\/a>la casare, dar nu inten\u021bioneaz\u0103 s\u0103-\u0219i cumpere un autoturism nou.<\/p>\n\n\n\n<p>Din suma de 3000 de lei, 2400 vin de la bugetul AFM \u0219i 600 de lei de la prim\u0103riile care se \u00eenscriu \u00een program, scrie&nbsp;<a href=\"https:\/\/www.antena3.ro\/emisiuni\/news-hour-with-cnn\/incepe-program-rabla-local-suma-bani-primita-oameni-masini-vechi-673900.html\">antena3.<\/a><\/p>\n\n\n\n<h2 class=\"wp-block-heading\">Entuziasmul a&#8230;pierit<\/h2>\n\n\n\n<p>Chiar dac\u0103 la \u00eenceput, atunci c\u00e2nd acest program s-a lansat, i-a entuziasmat pe edilii din toat\u0103 \u021bara, av\u00e2nd \u00een vedere c\u0103 \u00een doar \u0219apte ore s-au \u00eenscris 254 de prim\u0103rii, c\u00e2nd au citit mai bine ce au de f\u0103cut, primarii s-au cam&#8230;r\u0103zg\u00e2ndit.<\/p>\n\n\n\n<p>Drept urmare, din aprilie \u0219i p\u00e2n\u0103 acum, doar 515 de prim\u0103rii s-au \u00eenscris. Aceast\u0103 etap\u0103 s-a \u00eencheiat \u0219i urmeaz\u0103 startul pentru cet\u0103\u021beni.<\/p>\n\n\n\n<p><em>\u201eBanii acorda\u021bi s-au terminat foarte repede, \u00een c\u00e2teva zile bugetul a fost epuizat. Marile ora\u0219e au manifestat un interes deosebit, majoritatea Municipiilor s-au \u00eenscris cu num\u0103rul maxim care pot fi retrase din circula\u021bie prin acest program, respectiv 5.000.<\/em><\/p>\n\n\n\n<p><em>\u00cen urm\u0103torul buget analiz\u0103m s\u0103 ad\u0103ug\u0103m pentru acest program, mai mul\u021bi bani pentru a le da posibilitatea \u0219i prim\u0103riilor care au vrut s\u0103 participe \u00een program, dar nu au avut buget.<\/em><\/p>\n\n\n\n<p><em>A\u0219tept\u0103m rectificarea din august sau septembrie, abia atunci putem s\u0103 supliment\u0103m bugetul pentru acest&nbsp;<\/em><a href=\"https:\/\/click.ro\/actualitate\/national\/romanii-cu-masini-vechi-vor-primi-3.000-de-lei-pen-2199199.html\">program<\/a><em>\u201d,<\/em>&nbsp;a declarat ministrul Mediului, Tanczos Barna.<\/p>\n\n\n\n<h2 class=\"wp-block-heading\">Ce trebuie s\u0103 fac\u0103 rom\u00e2nii interesa\u021bi de programul Rabla Local<\/h2>\n\n\n\n<p>S\u0103 consulte site-urile AFM (www.afm.ro), al Ministerului Mediului (www.mmediu.ro), al municipiului de care apar\u021bin, precum \u0219i mass-media pentru a afla c\u00e2nd se lanseaz\u0103\/deschide platforma AFM pentru \u00eenscrierea cet\u0103\u021benilor \u00een Program.<\/p>\n\n\n\n<p>Dup\u0103 anun\u021bul de lansare a \u00eenscrierii pentru cet\u0103\u021beni, s\u0103 acceseze platforma AFM, pe pagina de internet www.afm.ro la sec\u021biunea \u201ePrograme de finan\u021bare&#8221;. \u00censcrierea solicitan\u021bilor de finan\u021bare se face doar prin completarea unor c\u00e2mpuri predefinite ale aplica\u021biei informatice.<\/p>\n\n\n\n<p><strong>IMPORTANT!&nbsp;<\/strong>Solicitan\u021bii trebuie s\u0103 a\u0219tepte anun\u021bul de deschidere din partea AFM \u015fi de-abia apoi\u202f se pot \u00eenscrie prin intermediul aplica\u021biei informatice puse la dispozi\u021bie exclusiv de AFM.<\/p>\n\n\n\n<p>Documentele justificative vor fi prezentate administra\u021biei or\u0103dene, ulterior \u00eenscrierii, iar solicitan\u021bii vor preda autovehiculul numai dup\u0103 semnarea contractului de finan\u021bare cu prim\u0103ria.<\/p>\n\n\n\n<p>Sursa:click<\/p>\n","protected":false},"excerpt":{"rendered":"<p>Mult a\u0219teptatul program Rabla Local, v\u00e2nat de obicei de rom\u00e2nii care ma\u0219ini vechi \u0219i venitul mici, ar putea s\u0103 re\u00eencep\u0103<\/p>\n","protected":false},"author":1,"featured_media":84372,"comment_status":"open","ping_status":"closed","sticky":false,"template":"","format":"standard","meta":{"spay_email":"","footnotes":"","jetpack_publicize_message":""},"categories":[82],"tags":[],"class_list":["post-98557","post","type-post","status-publish","format-standard","has-post-thumbnail","hentry","category-auto"],"jetpack_featured_media_url":"https:\/\/realitatearutiera.ro\/wp-content\/uploads\/2022\/03\/shutterstock_rabla-reciclare.webp","jetpack_publicize_connections":[],"jetpack_sharing_enabled":true,"jetpack_shortlink":"https:\/\/wp.me\/p61naM-pDD","jetpack-related-posts":[],"_links":{"self":[{"href":"https:\/\/realitatearutiera.ro\/index.php?rest_route=\/wp\/v2\/posts\/98557","targetHints":{"allow":["GET"]}}],"collection":[{"href":"https:\/\/realitatearutiera.ro\/index.php?rest_route=\/wp\/v2\/posts"}],"about":[{"href":"https:\/\/realitatearutiera.ro\/index.php?rest_route=\/wp\/v2\/types\/post"}],"author":[{"embeddable":true,"href":"https:\/\/realitatearutiera.ro\/index.php?rest_route=\/wp\/v2\/users\/1"}],"replies":[{"embeddable":true,"href":"https:\/\/realitatearutiera.ro\/index.php?rest_route=%2Fwp%2Fv2%2Fcomments&post=98557"}],"version-history":[{"count":1,"href":"https:\/\/realitatearutiera.ro\/index.php?rest_route=\/wp\/v2\/posts\/98557\/revisions"}],"predecessor-version":[{"id":98558,"href":"https:\/\/realitatearutiera.ro\/index.php?rest_route=\/wp\/v2\/posts\/98557\/revisions\/98558"}],"wp:featuredmedia":[{"embeddable":true,"href":"https:\/\/realitatearutiera.ro\/index.php?rest_route=\/wp\/v2\/media\/84372"}],"wp:attachment":[{"href":"https:\/\/realitatearutiera.ro\/index.php?rest_route=%2Fwp%2Fv2%2Fmedia&parent=98557"}],"wp:term":[{"taxonomy":"category","embeddable":true,"href":"https:\/\/realitatearutiera.ro\/index.php?rest_route=%2Fwp%2Fv2%2Fcategories&post=98557"},{"taxonomy":"post_tag","embeddable":true,"href":"https:\/\/realitatearutiera.ro\/index.php?rest_route=%2Fwp%2Fv2%2Ftags&post=98557"}],"curies":[{"name":"wp","href":"https:\/\/api.w.org\/{rel}","templated":true}]}}