{"id":98752,"date":"2023-05-16T10:50:45","date_gmt":"2023-05-16T07:50:45","guid":{"rendered":"https:\/\/realitatearutiera.ro\/?p=98752"},"modified":"2023-05-16T10:54:41","modified_gmt":"2023-05-16T07:54:41","slug":"observatornewstir-romanesc-accident-cu-un-mort-si-zeci-de-raniti-pe-o-autostrada-din-slovacia","status":"publish","type":"post","link":"https:\/\/realitatearutiera.ro\/?p=98752","title":{"rendered":"TIR rom\u00e2nesc, accident cu un mort \u0219i zeci de r\u0103ni\u021bi pe o autostrad\u0103 din Slovacia"},"content":{"rendered":"\n<p>Un grav accident de circula\u021bie s-a produs luni diminea\u021b\u0103 pe autostrada D2 din Slovacia, \u00een zona localit\u0103\u021bii Z\u00e1vod, sensul spre Cehia, \u00een care au fost implicate un autobuz plin cu turi\u0219ti maghiari \u0219i un camion rom\u00e2nesc. \u00cen urma coliziunii, o persoan\u0103 a murit \u0219i 59 de persoane au fost r\u0103nite, relateaz\u0103 publica\u021bia\u00a0<a rel=\"noreferrer noopener\" href=\"https:\/\/spravy.pravda.sk\/domace\/clanok\/667455-desiva-nehoda-pri-kutoch-autobus-skoncil-zakliesneny-pod-kamionom\/?utm_source=pravda&amp;utm_medium=hp-box-najcitanejsie&amp;utm_campaign=shp_rightbox\" target=\"_blank\">Pravda<\/a>, care citeaz\u0103 Serviciul de Pompieri \u0219i Salvare din Bratislava (HaZZ)<\/p>\n\n\n\n<p>De\u00a0<a href=\"https:\/\/observatornews.ro\/autori\/veronica-micu-id12.html\">Veronica Micu<\/a>\u00a0la 16.05.2023, 10:07<a href=\"https:\/\/observatornews.ro\/galerie\/este-un-masacru-jumatate-din-autobuz-este-sub-camion-tir-romanesc-accident-cu-un-mort-si-zeci-de-raniti-pe-o-autostrada-din-slovacia-id523799-play636176.html\"><\/a><\/p>\n\n\n\n<figure class=\"wp-block-image\"><a href=\"https:\/\/observatornews.ro\/galerie\/este-un-masacru-jumatate-din-autobuz-este-sub-camion-tir-romanesc-accident-cu-un-mort-si-zeci-de-raniti-pe-o-autostrada-din-slovacia-id523799-play636176.html\"><img decoding=\"async\" src=\"https:\/\/i1.wp.com\/img.observatornews.ro\/0\/2023\/5\/16\/523799\/accident-slovacia-1-d5eb5f1a.jpg?w=800&#038;ssl=1\" alt=\"\" data-recalc-dims=\"1\"\/><\/a><\/figure>\n\n\n\n<p>Accidentul s-a produs&nbsp;cu pu\u021bin timp \u00eenainte de ora 11.00.<\/p>\n\n\n\n<p><em>&#8220;Este un masacru, jum\u0103tate din autobuz este sub camion&#8221;<\/em>, a relatat un martor descriind scene de la locul&nbsp;accidentului, potrivit&nbsp;<a href=\"https:\/\/www.hnonline.sk\/slovensko\/96082987-vazna-nehoda-autobusu-s-madarskymi-turistami-na-d2-hlasia-jednu-obet-a-osem-ludi-v-kritickom-stave\" target=\"_blank\" rel=\"noreferrer noopener\">hnonline.sk<\/a>. Zeci de pompieri \u0219i echipaje de prim-ajutor din Malacie \u0219i Bratislava au intervenit la locul accidentului.&nbsp;<\/p>\n\n\n\n<p>Potrivit TV JOJ, \u0219oferul rom\u00e2n \u00ee\u0219i oprise camionul pe banda de urgen\u021b\u0103 c\u00e2nd un autobuz cu zeci de pasageri l-a lovit din spate cu 100 km\/or\u0103. \u0218oferul autobuzului ar fi adormit la volan, scrie&nbsp;<a href=\"https:\/\/www.noviny.sk\/krimi\/791819-aktualne-na-dialnici-sa-zrazil-autobus-plny-ludi-s-kamionom\" target=\"_blank\" rel=\"noreferrer noopener\">Noviny<\/a>.&nbsp;<\/p>\n\n\n\n<h2 class=\"wp-block-heading\">Spitalul&nbsp;din Bratislava: 8 r\u0103ni\u021bi sunt \u00een stare critic\u0103<\/h2>\n\n\n\n<p>Este vorba despre un autobuz maghiar, \u00een care se aflau aproximativ 60 de persoane la momentul accidentului.&nbsp;Portalul de \u0219tiri&nbsp;<a href=\"https:\/\/www.boon.hu\/helyi-kozelet\/2023\/05\/miskolci-serultjei-is-vannak-a-szlovakiai-buszbalesetnek\" target=\"_blank\" rel=\"noreferrer noopener\">boon.hu<\/a>, care citeaz\u0103 presa slovac\u0103, scrie c\u0103 59 de persoane au fost r\u0103nite, iar un b\u0103rbat de 56 de ani \u0219i-a pierdut via\u021ba \u00een accident.&nbsp;<\/p>\n\n\n\n<p>https:\/\/www.facebook.com\/plugins\/video.php?height=308&#038;href=https%3A%2F%2Fwww.facebook.com%2Fjurajhajdintvjoj%2Fvideos%2F606502964750032%2F&#038;show_text=false&#038;width=560&#038;t=0<\/p>\n\n\n\n<p>Zece dintre cei r\u0103ni\u021bi \u00een accidentul de autobuz au fost transporta\u021bi la Spitalul Universitar din Bratislava (UNB), opt dintre ei fiind \u00een stare critic\u0103, a declarat luni dup\u0103-amiaz\u0103 directorul institu\u021biei medicale. Restul persoanelor r\u0103nite au fost sunt duse la&nbsp;spitalele Malacky, Trnava \u0219i Skalica.<\/p>\n\n\n\n<h2 class=\"wp-block-heading\">Mesaj de condolean\u021be de la pre\u0219edintele Slovaciei<\/h2>\n\n\n\n<p>Zuzana \u010caputov\u00e1, pre\u015fedintele Slovaciei, a transmis sincere condolean\u021be rudelor victimei \u0219i a mul\u021bumit tuturor salvatorilor care au intervenit la locul accidentului.<\/p>\n\n\n\n<p><em>&#8220;A\u0219 dori s\u0103 exprim condolean\u021be rudelor \u0219i apropia\u021bilor singurei victime de p\u00e2n\u0103 acum a tragicei coliziunii dintre un camion \u0219i un autobuz cu pasageri maghiari pe autostrada D2. Sper c\u0103 to\u021bi cei r\u0103ni\u021bi \u00een acest accident grav vor fi bine. Am trimis o telegram\u0103 de condolean\u021be pre\u0219edintelui maghiar Katalin Nov\u00e1kov\u00e1. Vreau s\u0103 o asigur c\u0103 to\u021bi r\u0103ni\u021bii vor primi \u00eengrijirile medicale necesare \u00een spitalele noastre&#8221;<\/em>, a scris Zuzana \u010caputov\u00e1 pe Facebook.<\/p>\n\n\n\n<p>Accidentul s-ar fi produs \u00eentre un camion rom\u00e2nesc \u0219i un autobuz care transporta pasageri din Ungaria, scrie \u0219i&nbsp;<a href=\"https:\/\/www.hnonline.sk\/slovensko\/96082987-vazna-nehoda-autobusu-s-madarskymi-turistami-na-d2-hlasia-jednu-obet-a-osem-ludi-v-kritickom-stave\" target=\"_blank\" rel=\"noreferrer noopener\">hnonline.sk<\/a>.&nbsp;<\/p>\n\n\n\n<p>Turi\u0219tii maghiari, majoritatea din ora\u0219ul Mi\u0161kovec, se \u00eendreptau spre Praga.&nbsp;Potrivit poli\u021biei slovace, ancheta cu privire la \u00eemprejur\u0103rile producerii tragediei este \u00een curs de desf\u0103\u0219urare.&nbsp;<em>&#8220;Cazul a fost preluat de Direc\u021bia Raional\u0103 a Poli\u021biei din Malacky. Cauzele \u0219i circumstan\u021bele exacte ale accidentului de circula\u021bie fac obiectul unor investiga\u021bii suplimentare&#8221;<\/em>, a informat Jana \u0160imunkov\u00e1, purt\u0103torul de cuv\u00e2nt al Direc\u021biei Regionale a For\u021belor de Poli\u021bie din Bratislava, conform&nbsp;<a href=\"https:\/\/www.noviny.sk\/krimi\/791819-aktualne-na-dialnici-sa-zrazil-autobus-plny-ludi-s-kamionom\" target=\"_blank\" rel=\"noreferrer noopener\">Noviny<\/a>.<\/p>\n\n\n\n<p>Autostrada a fost \u00eenchis\u0103 c\u00e2teva ore, timp ]n care pe tronsonul de la Bratislava la K\u00faty se formase o coad\u0103 de 30 de kilometri.<\/p>\n\n\n\n<p>Sursa:<\/p>\n","protected":false},"excerpt":{"rendered":"<p>Un grav accident de circula\u021bie s-a produs luni diminea\u021b\u0103 pe autostrada D2 din Slovacia, \u00een zona localit\u0103\u021bii Z\u00e1vod, sensul spre<\/p>\n","protected":false},"author":1,"featured_media":98753,"comment_status":"open","ping_status":"closed","sticky":false,"template":"","format":"standard","meta":{"spay_email":"","footnotes":"","jetpack_publicize_message":""},"categories":[12],"tags":[],"class_list":["post-98752","post","type-post","status-publish","format-standard","has-post-thumbnail","hentry","category-stiri-internationale"],"jetpack_featured_media_url":"https:\/\/realitatearutiera.ro\/wp-content\/uploads\/2023\/05\/index-3.webp","jetpack_publicize_connections":[],"jetpack_sharing_enabled":true,"jetpack_shortlink":"https:\/\/wp.me\/p61naM-pGM","jetpack-related-posts":[],"_links":{"self":[{"href":"https:\/\/realitatearutiera.ro\/index.php?rest_route=\/wp\/v2\/posts\/98752","targetHints":{"allow":["GET"]}}],"collection":[{"href":"https:\/\/realitatearutiera.ro\/index.php?rest_route=\/wp\/v2\/posts"}],"about":[{"href":"https:\/\/realitatearutiera.ro\/index.php?rest_route=\/wp\/v2\/types\/post"}],"author":[{"embeddable":true,"href":"https:\/\/realitatearutiera.ro\/index.php?rest_route=\/wp\/v2\/users\/1"}],"replies":[{"embeddable":true,"href":"https:\/\/realitatearutiera.ro\/index.php?rest_route=%2Fwp%2Fv2%2Fcomments&post=98752"}],"version-history":[{"count":2,"href":"https:\/\/realitatearutiera.ro\/index.php?rest_route=\/wp\/v2\/posts\/98752\/revisions"}],"predecessor-version":[{"id":98755,"href":"https:\/\/realitatearutiera.ro\/index.php?rest_route=\/wp\/v2\/posts\/98752\/revisions\/98755"}],"wp:featuredmedia":[{"embeddable":true,"href":"https:\/\/realitatearutiera.ro\/index.php?rest_route=\/wp\/v2\/media\/98753"}],"wp:attachment":[{"href":"https:\/\/realitatearutiera.ro\/index.php?rest_route=%2Fwp%2Fv2%2Fmedia&parent=98752"}],"wp:term":[{"taxonomy":"category","embeddable":true,"href":"https:\/\/realitatearutiera.ro\/index.php?rest_route=%2Fwp%2Fv2%2Fcategories&post=98752"},{"taxonomy":"post_tag","embeddable":true,"href":"https:\/\/realitatearutiera.ro\/index.php?rest_route=%2Fwp%2Fv2%2Ftags&post=98752"}],"curies":[{"name":"wp","href":"https:\/\/api.w.org\/{rel}","templated":true}]}}