{"id":98778,"date":"2023-05-17T08:58:09","date_gmt":"2023-05-17T05:58:09","guid":{"rendered":"https:\/\/realitatearutiera.ro\/?p=98778"},"modified":"2023-05-17T08:58:13","modified_gmt":"2023-05-17T05:58:13","slug":"iasi-un-tramvai-plin-cu-calatori-a-lovit-violent-doua-autoturisme","status":"publish","type":"post","link":"https:\/\/realitatearutiera.ro\/?p=98778","title":{"rendered":"Ia\u0219i: \u00a0un tramvai plin cu c\u0103l\u0103tori a lovit violent dou\u0103 autoturisme"},"content":{"rendered":"\n<p>A fost panic\u0103 \u00een centrul Ia\u015fiului unde un tramvai plin cu c\u0103l\u0103tori a fost implicat \u00eentr-un accident rutier. Vatmani\u0163a a lovit o ma\u0219in\u0103 pe care a \u00eempins-o apoi \u00een alta din fa\u021ba sa.<\/p>\n\n\n\n<p>Chiar \u00eenainte de impact, femeia se certa la telefon cu cineva spun martorii. Din fericire nu a fost nimeni r\u0103nit \u00een accident.<\/p>\n\n\n\n<p>Accidentul s-a produs \u00een zona Copou \u0219i a fost surprins de o camer\u0103 de supraveghere din apropiere. Tramvaiul a lovit din spate o ma\u0219in\u0103, pe care a proiectat-o apoi \u00een alta, din fa\u021ba sa. Unul dintre autoturisme a ajuns de-a curmezi\u0219ul pe drum. Martorii au povestit c\u0103 vatmani\u0163a vorbea la telefon \u00een momentul impactului.<\/p>\n\n\n\n<p>Fat\u0103: &#8220;Nu era neap\u0103rat atent\u0103 \u015fi a accelerat.. se certa cu cineva la telefon \u015fi a intrat \u00een toate ma\u015finile. Doamna a anticipat c\u0103 intr\u0103 ca a \u00eenceput s\u0103 \u0163ipe \u00eenainte s\u0103 le loveasc\u0103. Foarte speriat\u0103 \u015fi eu \u015fi colega eram fix \u00een fa\u0163\u0103&#8221;.<\/p>\n\n\n\n<p>Fat\u0103: &#8220;Eu am apucat s\u0103 m\u0103 prind de bar\u0103 s\u0103 nu p\u0103\u0163esc ceva. Apoi m-am speriat pentru c\u0103 \u00een prim\u0103 faz\u0103 a intrat \u00een domnul cu ma\u015fina albastr\u0103, mai apoi a intrat \u00een doamna cu ma\u015fina alb\u0103&#8221;.<\/p>\n\n\n\n<p>Pasagerii din tramvai au reu\u015fit s\u0103 ias\u0103 \u00een siguran\u0163\u0103 din vehicul. Din fericire, nu a fost nimeni r\u0103nit.<\/p>\n\n\n\n<p>B\u0103rbat: &#8220;Am v\u0103zut c\u0103 vine tramvaiul din spate f\u0103r\u0103 nicio inten\u0163ie de a fr\u00e2na. Am luat piciorul de pe pedal\u0103. M-a izbit pe mine tare, dup\u0103 cum vede\u0163i e distrus\u0103 \u015fi m-a proiectat, ceilal\u0163i ie\u015fiser\u0103 panica\u0163i, poze&#8221;.<\/p>\n\n\n\n<p>Vatmani\u0163a \u015fi cei doi \u015foferi au fost testa\u0163i \u0219i niciunul nu consumase alcool.<\/p>\n\n\n\n<p>Sursa:stirileprotv<\/p>\n","protected":false},"excerpt":{"rendered":"<p>A fost panic\u0103 \u00een centrul Ia\u015fiului unde un tramvai plin cu c\u0103l\u0103tori a fost implicat \u00eentr-un accident rutier. Vatmani\u0163a a<\/p>\n","protected":false},"author":1,"featured_media":89090,"comment_status":"open","ping_status":"closed","sticky":false,"template":"","format":"standard","meta":{"spay_email":"","footnotes":"","jetpack_publicize_message":""},"categories":[6],"tags":[],"class_list":["post-98778","post","type-post","status-publish","format-standard","has-post-thumbnail","hentry","category-social"],"jetpack_featured_media_url":"https:\/\/i2.wp.com\/realitatearutiera.ro\/wp-content\/uploads\/2022\/08\/nou-politia-accident-general-scaled-e1650044190319.jpeg?fit=800%2C450&ssl=1","jetpack_publicize_connections":[],"jetpack_sharing_enabled":true,"jetpack_shortlink":"https:\/\/wp.me\/p61naM-pHc","jetpack-related-posts":[],"_links":{"self":[{"href":"https:\/\/realitatearutiera.ro\/index.php?rest_route=\/wp\/v2\/posts\/98778","targetHints":{"allow":["GET"]}}],"collection":[{"href":"https:\/\/realitatearutiera.ro\/index.php?rest_route=\/wp\/v2\/posts"}],"about":[{"href":"https:\/\/realitatearutiera.ro\/index.php?rest_route=\/wp\/v2\/types\/post"}],"author":[{"embeddable":true,"href":"https:\/\/realitatearutiera.ro\/index.php?rest_route=\/wp\/v2\/users\/1"}],"replies":[{"embeddable":true,"href":"https:\/\/realitatearutiera.ro\/index.php?rest_route=%2Fwp%2Fv2%2Fcomments&post=98778"}],"version-history":[{"count":1,"href":"https:\/\/realitatearutiera.ro\/index.php?rest_route=\/wp\/v2\/posts\/98778\/revisions"}],"predecessor-version":[{"id":98779,"href":"https:\/\/realitatearutiera.ro\/index.php?rest_route=\/wp\/v2\/posts\/98778\/revisions\/98779"}],"wp:featuredmedia":[{"embeddable":true,"href":"https:\/\/realitatearutiera.ro\/index.php?rest_route=\/wp\/v2\/media\/89090"}],"wp:attachment":[{"href":"https:\/\/realitatearutiera.ro\/index.php?rest_route=%2Fwp%2Fv2%2Fmedia&parent=98778"}],"wp:term":[{"taxonomy":"category","embeddable":true,"href":"https:\/\/realitatearutiera.ro\/index.php?rest_route=%2Fwp%2Fv2%2Fcategories&post=98778"},{"taxonomy":"post_tag","embeddable":true,"href":"https:\/\/realitatearutiera.ro\/index.php?rest_route=%2Fwp%2Fv2%2Ftags&post=98778"}],"curies":[{"name":"wp","href":"https:\/\/api.w.org\/{rel}","templated":true}]}}