{"id":98818,"date":"2023-05-17T11:10:42","date_gmt":"2023-05-17T08:10:42","guid":{"rendered":"https:\/\/realitatearutiera.ro\/?p=98818"},"modified":"2023-05-17T11:10:48","modified_gmt":"2023-05-17T08:10:48","slug":"robert-negoita-prins-pe-contrasens-a-ramas-fara-permis-de-conducere","status":"publish","type":"post","link":"https:\/\/realitatearutiera.ro\/?p=98818","title":{"rendered":"Robert Negoi\u021b\u0103 prins pe contrasens. A r\u0103mas f\u0103r\u0103 permis de conducere"},"content":{"rendered":"\n<p>Primarul Sectorului 3, Robert Negoi\u021b\u0103 a r\u0103mas f\u0103r\u0103 permis pentru urm\u0103toarele dou\u0103 luni, dup\u0103 ce a fost prins de poli\u021bi\u0219ti \u00een timp conducea f\u0103r\u0103 s\u0103 respecte regulile de circula\u021bie, pe o strad\u0103 din Bucure\u0219ti.<\/p>\n\n\n\n<p>Primarul Sectorului 3, Robert Negoi\u021b\u0103 a vrut s\u0103 dep\u0103\u0219easc\u0103 traficul din fa\u021b\u0103 \u0219i a \u00eenceput s\u0103 mearg\u0103 haotic pe \u0219osea.<\/p>\n\n\n\n<p>La un moment dat, acesta a ie\u0219it din coloan\u0103 \u0219i a \u00eenceput s\u0103 mearg\u0103 pe&nbsp;<a href=\"https:\/\/www.antena3.ro\/tag\/contrasens-11398.html\">contrasens<\/a>&nbsp;pe Calea Dude\u0219ti.<\/p>\n\n\n\n<p>A fost tras pe dreapta de c\u0103tre poli\u021bi\u0219ti, iar edilul \u0219i-a recunoscut \u0219i asumat fapta.<\/p>\n\n\n\n<p>Poli\u021bi\u0219tii au decis s\u0103-i suspende dreptul de a conduce pe o perioad\u0103 de 60 de zile.<\/p>\n\n\n\n<p>Pe l\u00e2ng\u0103 faptul c\u0103 a r\u0103mas pieton pentru urm\u0103toarele dou\u0103 luni, &nbsp;Robert Negoi\u021b\u0103 s-a ales \u0219i cu o amend\u0103 \u00een valoare de 870 de lei.<\/p>\n\n\n\n<p>Totul s-a petrecut \u00een zona Prim\u0103riei Sectorului 3.<\/p>\n\n\n\n<p>Sursa:antena3<\/p>\n","protected":false},"excerpt":{"rendered":"<p>Primarul Sectorului 3, Robert Negoi\u021b\u0103 a r\u0103mas f\u0103r\u0103 permis pentru urm\u0103toarele dou\u0103 luni, dup\u0103 ce a fost prins de poli\u021bi\u0219ti<\/p>\n","protected":false},"author":1,"featured_media":96692,"comment_status":"open","ping_status":"closed","sticky":false,"template":"","format":"standard","meta":{"spay_email":"","footnotes":"","jetpack_publicize_message":""},"categories":[6],"tags":[],"class_list":["post-98818","post","type-post","status-publish","format-standard","has-post-thumbnail","hentry","category-social"],"jetpack_featured_media_url":"https:\/\/realitatearutiera.ro\/wp-content\/uploads\/2023\/03\/politie_soferi_proiect_lege_viteza_fb_11028700.webp","jetpack_publicize_connections":[],"jetpack_sharing_enabled":true,"jetpack_shortlink":"https:\/\/wp.me\/p61naM-pHQ","jetpack-related-posts":[],"_links":{"self":[{"href":"https:\/\/realitatearutiera.ro\/index.php?rest_route=\/wp\/v2\/posts\/98818","targetHints":{"allow":["GET"]}}],"collection":[{"href":"https:\/\/realitatearutiera.ro\/index.php?rest_route=\/wp\/v2\/posts"}],"about":[{"href":"https:\/\/realitatearutiera.ro\/index.php?rest_route=\/wp\/v2\/types\/post"}],"author":[{"embeddable":true,"href":"https:\/\/realitatearutiera.ro\/index.php?rest_route=\/wp\/v2\/users\/1"}],"replies":[{"embeddable":true,"href":"https:\/\/realitatearutiera.ro\/index.php?rest_route=%2Fwp%2Fv2%2Fcomments&post=98818"}],"version-history":[{"count":1,"href":"https:\/\/realitatearutiera.ro\/index.php?rest_route=\/wp\/v2\/posts\/98818\/revisions"}],"predecessor-version":[{"id":98819,"href":"https:\/\/realitatearutiera.ro\/index.php?rest_route=\/wp\/v2\/posts\/98818\/revisions\/98819"}],"wp:featuredmedia":[{"embeddable":true,"href":"https:\/\/realitatearutiera.ro\/index.php?rest_route=\/wp\/v2\/media\/96692"}],"wp:attachment":[{"href":"https:\/\/realitatearutiera.ro\/index.php?rest_route=%2Fwp%2Fv2%2Fmedia&parent=98818"}],"wp:term":[{"taxonomy":"category","embeddable":true,"href":"https:\/\/realitatearutiera.ro\/index.php?rest_route=%2Fwp%2Fv2%2Fcategories&post=98818"},{"taxonomy":"post_tag","embeddable":true,"href":"https:\/\/realitatearutiera.ro\/index.php?rest_route=%2Fwp%2Fv2%2Ftags&post=98818"}],"curies":[{"name":"wp","href":"https:\/\/api.w.org\/{rel}","templated":true}]}}