{"id":994,"date":"2015-04-10T04:43:43","date_gmt":"2015-04-10T04:43:43","guid":{"rendered":"http:\/\/realitatearutiera.ro\/?p=994"},"modified":"2015-04-10T04:43:43","modified_gmt":"2015-04-10T04:43:43","slug":"un-politist-care-a-condus-beat-si-a-provocat-un-accident-a-fost-condamnat-la-sase-luni-de-inchisoare-cu-suspendare","status":"publish","type":"post","link":"https:\/\/realitatearutiera.ro\/?p=994","title":{"rendered":"Un poli\u0163ist care a condus beat \u015fi a provocat un accident a fost condamnat la \u015fase luni de \u00eenchisoare cu suspendare"},"content":{"rendered":"<p>Un agent principal de poli\u0163ie trimis \u00een judecat\u0103 sub acuza\u0163ia c\u0103 s-a urcat b\u0103ut la volan \u015fi a provocat un accident rutier, pe care a \u00eencercat \u00een prim\u0103 faz\u0103 s\u0103-l m\u0103sluiasc\u0103, a fost condamnat de Judec\u0103toria Suceava la o pedeaps\u0103 de \u015fase luni de \u00eenchisoare cu suspendare. Magistra\u0163ii au mai stabilit ca inculpatului, Florin Cristi Tabarcea, s\u0103-i fie impus un termen de \u00eencercare de doi ani \u015fi \u015fase luni de zile, \u00een care nu are voie s\u0103 mai comit\u0103 vreo infrac\u0163iune.\u00a0 Decizia de ieri poate fi atacat\u0103 cu apel la instan\u0163a superioar\u0103.<\/p>\n<p>&nbsp;<\/p>\n<p><strong>Ma\u015fina condus\u0103 de poli\u0163ist s-a r\u0103sturnat. So\u0163ia acestuia a suferit leziuni grave<\/strong><\/p>\n<p>Agentul principal Florin Cristi Tabarcea, care lucreaz\u0103 \u00een prezent la Sec\u0163ia de Poli\u0163ie Burdujeni, este judecat pentru un accident rutier petrecut \u00een noaptea de 14 spre 15 ianuarie 2014.<\/p>\n<p>Din ancheta derulat\u0103 de Parchetul de pe l\u00e2ng\u0103 Tribunalul Suceava rezult\u0103 c\u0103 agentul principal Tabarcea, pe atunci lucr\u0103tor la poli\u0163ia din Dumbr\u0103veni, aflat \u00een timpul liber,\u00a0 conducea un autoturism BMW, \u00eenmatriculat \u00een Bulgaria, al\u0103turi de el \u00een ma\u015fin\u0103 mai fiind so\u0163ia sa \u015fi \u00eenc\u0103 o t\u00e2n\u0103r\u0103. \u00centre Ude\u015fti \u015fi Vere\u015fti conduc\u0103torul auto a pierdut controlul asupra volanului, iar ma\u015fina s-a r\u0103sturnat \u00een afara drumului.\u00a0 Cel mai grav r\u0103nit\u0103 a fost so\u0163ia poli\u021bistului, care a fost transportat\u0103 de urgen\u0163\u0103 la spital, fiind supus\u0103 unei interven\u0163ii chirurgicale \u015fi necesit\u00e2nd aproape o lun\u0103 \u015fi jum\u0103tate de \u00eengrijiri medicale.<\/p>\n<p>Potrivit scenariului conturat de procurori, Florin Cristi Tabarcea a sunat la 112, a anun\u0163at evenimentul, pentru a fi trimis\u0103 o ambulan\u0163\u0103 la fa\u0163a locului, \u00eens\u0103 s-a prezentat sub un alt nume.<\/p>\n<p>Ulterior, c\u00e2nd au ajuns poli\u0163i\u015ftii de la \u201eRutier\u0103\u201d de la fa\u0163a locului, agentul Tabarcea le-a spus c\u0103 nu el a fost la volan, ci o alt\u0103 persoan\u0103, despre care \u00eens\u0103 nu a putut oferi detalii. Povestea acestuia a fost demontat\u0103 \u00een scurt timp, inclusiv de colegii s\u0103i de la Poli\u0163ia Rutier\u0103, care au ajuns la fa\u0163a locului.<\/p>\n<p><strong>Alcoolemie mare<\/strong><\/p>\n<p>\u00cen urma recolt\u0103rii probelor de s\u00e2nge a rezultat c\u0103 poli\u0163istul avea o concentra\u0163ie de 1,55 la mie, la prima prob\u0103, respectiv de 1,45 la mie, la cea de-a doua.<\/p>\n<p>Cum so\u0163ia poli\u0163istului nu a depus pl\u00e2ngere penal\u0103 pentru v\u0103t\u0103mare corporal\u0103 din culp\u0103, agentul principal a fost trimis \u00een judecat\u0103 doar pentru infrac\u0163iunea de conducere a unui autoturism sub influen\u0163a b\u0103uturilor alcoolice. De altfel, ulterior, pe parcursul anchetei, acesta a recunoscut c\u0103 el a condus ma\u015fina.<\/p>\n<p>Poli\u0163istul Tabarcea a mai fost implicat \u00een urm\u0103 cu c\u00e2\u0163iva ani \u00eentr-un scandal, la Dumbr\u0103veni, fiind acuzat de agresiune, \u00eens\u0103 a fost g\u0103sit nevinovat. \u00centr-un alt caz, \u00een 2009, acesta a fost victim\u0103 a infrac\u0163iunii de ultraj, fiind b\u0103tut de trei fra\u0163i din Dumbr\u0103veni.<\/p>\n","protected":false},"excerpt":{"rendered":"<p>Un agent principal de poli\u0163ie trimis \u00een judecat\u0103 sub acuza\u0163ia c\u0103 s-a urcat b\u0103ut la volan \u015fi a provocat un<\/p>\n","protected":false},"author":1,"featured_media":995,"comment_status":"open","ping_status":"open","sticky":false,"template":"","format":"standard","meta":{"spay_email":"","footnotes":"","jetpack_publicize_message":""},"categories":[11],"tags":[],"class_list":["post-994","post","type-post","status-publish","format-standard","has-post-thumbnail","hentry","category-stiri-interne"],"jetpack_featured_media_url":"https:\/\/i0.wp.com\/realitatearutiera.ro\/wp-content\/uploads\/2015\/04\/374761maxim.jpg?fit=640%2C480&ssl=1","jetpack_publicize_connections":[],"jetpack_sharing_enabled":true,"jetpack_shortlink":"https:\/\/wp.me\/p61naM-g2","jetpack-related-posts":[],"_links":{"self":[{"href":"https:\/\/realitatearutiera.ro\/index.php?rest_route=\/wp\/v2\/posts\/994","targetHints":{"allow":["GET"]}}],"collection":[{"href":"https:\/\/realitatearutiera.ro\/index.php?rest_route=\/wp\/v2\/posts"}],"about":[{"href":"https:\/\/realitatearutiera.ro\/index.php?rest_route=\/wp\/v2\/types\/post"}],"author":[{"embeddable":true,"href":"https:\/\/realitatearutiera.ro\/index.php?rest_route=\/wp\/v2\/users\/1"}],"replies":[{"embeddable":true,"href":"https:\/\/realitatearutiera.ro\/index.php?rest_route=%2Fwp%2Fv2%2Fcomments&post=994"}],"version-history":[{"count":1,"href":"https:\/\/realitatearutiera.ro\/index.php?rest_route=\/wp\/v2\/posts\/994\/revisions"}],"predecessor-version":[{"id":996,"href":"https:\/\/realitatearutiera.ro\/index.php?rest_route=\/wp\/v2\/posts\/994\/revisions\/996"}],"wp:featuredmedia":[{"embeddable":true,"href":"https:\/\/realitatearutiera.ro\/index.php?rest_route=\/wp\/v2\/media\/995"}],"wp:attachment":[{"href":"https:\/\/realitatearutiera.ro\/index.php?rest_route=%2Fwp%2Fv2%2Fmedia&parent=994"}],"wp:term":[{"taxonomy":"category","embeddable":true,"href":"https:\/\/realitatearutiera.ro\/index.php?rest_route=%2Fwp%2Fv2%2Fcategories&post=994"},{"taxonomy":"post_tag","embeddable":true,"href":"https:\/\/realitatearutiera.ro\/index.php?rest_route=%2Fwp%2Fv2%2Ftags&post=994"}],"curies":[{"name":"wp","href":"https:\/\/api.w.org\/{rel}","templated":true}]}}