{"id":99412,"date":"2023-05-31T09:38:51","date_gmt":"2023-05-31T06:38:51","guid":{"rendered":"https:\/\/realitatearutiera.ro\/?p=99412"},"modified":"2023-05-31T09:38:55","modified_gmt":"2023-05-31T06:38:55","slug":"accident-intre-un-tractor-si-o-autoutilitara-in-covasna-soferii-au-ajuns-la-spital","status":"publish","type":"post","link":"https:\/\/realitatearutiera.ro\/?p=99412","title":{"rendered":"Accident \u00eentre un tractor \u0219i o autoutilitar\u0103, \u00een Covasna. \u0218oferii au ajuns la spital"},"content":{"rendered":"\n<p>Doi oameni au ajuns la spital, dup\u0103 ce un tractor \u0219i o autoutilitar\u0103 s-au izbit puternic, \u00eentr-o comun\u0103 din jude\u021bul Covasna.<\/p>\n\n\n\n<figure class=\"wp-block-image size-full is-resized\"><img loading=\"lazy\" decoding=\"async\" data-attachment-id=\"99415\" data-permalink=\"https:\/\/realitatearutiera.ro\/?attachment_id=99415\" data-orig-file=\"https:\/\/i1.wp.com\/realitatearutiera.ro\/wp-content\/uploads\/2023\/05\/image-97.png?fit=1000%2C563&amp;ssl=1\" data-orig-size=\"1000,563\" data-comments-opened=\"1\" data-image-meta=\"{&quot;aperture&quot;:&quot;0&quot;,&quot;credit&quot;:&quot;&quot;,&quot;camera&quot;:&quot;&quot;,&quot;caption&quot;:&quot;&quot;,&quot;created_timestamp&quot;:&quot;0&quot;,&quot;copyright&quot;:&quot;&quot;,&quot;focal_length&quot;:&quot;0&quot;,&quot;iso&quot;:&quot;0&quot;,&quot;shutter_speed&quot;:&quot;0&quot;,&quot;title&quot;:&quot;&quot;,&quot;orientation&quot;:&quot;0&quot;}\" data-image-title=\"image-97\" data-image-description=\"\" data-medium-file=\"https:\/\/i1.wp.com\/realitatearutiera.ro\/wp-content\/uploads\/2023\/05\/image-97.png?fit=300%2C169&amp;ssl=1\" data-large-file=\"https:\/\/i1.wp.com\/realitatearutiera.ro\/wp-content\/uploads\/2023\/05\/image-97.png?fit=800%2C450&amp;ssl=1\" src=\"https:\/\/i1.wp.com\/realitatearutiera.ro\/wp-content\/uploads\/2023\/05\/image-97.png?resize=481%2C270&#038;ssl=1\" alt=\"\" class=\"wp-image-99415\" width=\"481\" height=\"270\" srcset=\"https:\/\/i1.wp.com\/realitatearutiera.ro\/wp-content\/uploads\/2023\/05\/image-97.png?w=1000&amp;ssl=1 1000w, https:\/\/i1.wp.com\/realitatearutiera.ro\/wp-content\/uploads\/2023\/05\/image-97.png?resize=300%2C169&amp;ssl=1 300w, https:\/\/i1.wp.com\/realitatearutiera.ro\/wp-content\/uploads\/2023\/05\/image-97.png?resize=768%2C432&amp;ssl=1 768w\" sizes=\"auto, (max-width: 481px) 100vw, 481px\" data-recalc-dims=\"1\" \/><\/figure>\n\n\n\n<figure class=\"wp-block-image size-full is-resized\"><img loading=\"lazy\" decoding=\"async\" data-attachment-id=\"99416\" data-permalink=\"https:\/\/realitatearutiera.ro\/?attachment_id=99416\" data-orig-file=\"https:\/\/i2.wp.com\/realitatearutiera.ro\/wp-content\/uploads\/2023\/05\/image-98.png?fit=1000%2C563&amp;ssl=1\" data-orig-size=\"1000,563\" data-comments-opened=\"1\" data-image-meta=\"{&quot;aperture&quot;:&quot;0&quot;,&quot;credit&quot;:&quot;&quot;,&quot;camera&quot;:&quot;&quot;,&quot;caption&quot;:&quot;&quot;,&quot;created_timestamp&quot;:&quot;0&quot;,&quot;copyright&quot;:&quot;&quot;,&quot;focal_length&quot;:&quot;0&quot;,&quot;iso&quot;:&quot;0&quot;,&quot;shutter_speed&quot;:&quot;0&quot;,&quot;title&quot;:&quot;&quot;,&quot;orientation&quot;:&quot;0&quot;}\" data-image-title=\"image-98\" data-image-description=\"\" data-medium-file=\"https:\/\/i2.wp.com\/realitatearutiera.ro\/wp-content\/uploads\/2023\/05\/image-98.png?fit=300%2C169&amp;ssl=1\" data-large-file=\"https:\/\/i2.wp.com\/realitatearutiera.ro\/wp-content\/uploads\/2023\/05\/image-98.png?fit=800%2C450&amp;ssl=1\" src=\"https:\/\/i2.wp.com\/realitatearutiera.ro\/wp-content\/uploads\/2023\/05\/image-98.png?resize=483%2C271&#038;ssl=1\" alt=\"\" class=\"wp-image-99416\" width=\"483\" height=\"271\" srcset=\"https:\/\/i2.wp.com\/realitatearutiera.ro\/wp-content\/uploads\/2023\/05\/image-98.png?w=1000&amp;ssl=1 1000w, https:\/\/i2.wp.com\/realitatearutiera.ro\/wp-content\/uploads\/2023\/05\/image-98.png?resize=300%2C169&amp;ssl=1 300w, https:\/\/i2.wp.com\/realitatearutiera.ro\/wp-content\/uploads\/2023\/05\/image-98.png?resize=768%2C432&amp;ssl=1 768w\" sizes=\"auto, (max-width: 483px) 100vw, 483px\" data-recalc-dims=\"1\" \/><\/figure>\n\n\n\n<p>\u00cen urma impactului, autoutilitara, condus\u0103 de un b\u0103rbat de 50 de ani, s-a r\u0103sturnat \u00eentr-un \u0219an\u021b. A fost r\u0103nit \u0219i b\u0103rbatul de 42 de ani, de la volanul tractorului.<\/p>\n\n\n\n<p>La locul accidentului a fost chemat \u0219i un elicopter SMURD, care a dus una dintre victime la Spitalul Jude\u021bean din Bra\u0219ov. \u0218i cel\u0103lalt b\u0103rbat a ajuns la spital.<\/p>\n\n\n\n<p>\u00centre timp, poli\u021bi\u0219tii au \u00eenceput cercet\u0103rile pentru v\u0103t\u0103mare corporal\u0103 din culp\u0103.<\/p>\n\n\n\n<p>Sursa:stirileprotv<\/p>\n","protected":false},"excerpt":{"rendered":"<p>Doi oameni au ajuns la spital, dup\u0103 ce un tractor \u0219i o autoutilitar\u0103 s-au izbit puternic, \u00eentr-o comun\u0103 din jude\u021bul<\/p>\n","protected":false},"author":1,"featured_media":98109,"comment_status":"open","ping_status":"closed","sticky":false,"template":"","format":"standard","meta":{"spay_email":"","footnotes":"","jetpack_publicize_message":""},"categories":[1],"tags":[],"class_list":["post-99412","post","type-post","status-publish","format-standard","has-post-thumbnail","hentry","category-uncategorized"],"jetpack_featured_media_url":"https:\/\/realitatearutiera.ro\/wp-content\/uploads\/2023\/04\/accident.webp","jetpack_publicize_connections":[],"jetpack_sharing_enabled":true,"jetpack_shortlink":"https:\/\/wp.me\/p61naM-pRq","jetpack-related-posts":[],"_links":{"self":[{"href":"https:\/\/realitatearutiera.ro\/index.php?rest_route=\/wp\/v2\/posts\/99412","targetHints":{"allow":["GET"]}}],"collection":[{"href":"https:\/\/realitatearutiera.ro\/index.php?rest_route=\/wp\/v2\/posts"}],"about":[{"href":"https:\/\/realitatearutiera.ro\/index.php?rest_route=\/wp\/v2\/types\/post"}],"author":[{"embeddable":true,"href":"https:\/\/realitatearutiera.ro\/index.php?rest_route=\/wp\/v2\/users\/1"}],"replies":[{"embeddable":true,"href":"https:\/\/realitatearutiera.ro\/index.php?rest_route=%2Fwp%2Fv2%2Fcomments&post=99412"}],"version-history":[{"count":1,"href":"https:\/\/realitatearutiera.ro\/index.php?rest_route=\/wp\/v2\/posts\/99412\/revisions"}],"predecessor-version":[{"id":99417,"href":"https:\/\/realitatearutiera.ro\/index.php?rest_route=\/wp\/v2\/posts\/99412\/revisions\/99417"}],"wp:featuredmedia":[{"embeddable":true,"href":"https:\/\/realitatearutiera.ro\/index.php?rest_route=\/wp\/v2\/media\/98109"}],"wp:attachment":[{"href":"https:\/\/realitatearutiera.ro\/index.php?rest_route=%2Fwp%2Fv2%2Fmedia&parent=99412"}],"wp:term":[{"taxonomy":"category","embeddable":true,"href":"https:\/\/realitatearutiera.ro\/index.php?rest_route=%2Fwp%2Fv2%2Fcategories&post=99412"},{"taxonomy":"post_tag","embeddable":true,"href":"https:\/\/realitatearutiera.ro\/index.php?rest_route=%2Fwp%2Fv2%2Ftags&post=99412"}],"curies":[{"name":"wp","href":"https:\/\/api.w.org\/{rel}","templated":true}]}}