{"id":99663,"date":"2023-06-09T08:43:47","date_gmt":"2023-06-09T05:43:47","guid":{"rendered":"https:\/\/realitatearutiera.ro\/?p=99663"},"modified":"2023-06-09T08:43:50","modified_gmt":"2023-06-09T05:43:50","slug":"meteo-cod-galben-de-furtuna-in-banat-crisana-transilvania-si-maramures-precum-si-la-munte","status":"publish","type":"post","link":"https:\/\/realitatearutiera.ro\/?p=99663","title":{"rendered":"METEO: Cod galben de furtun\u0103 \u00een Banat, Cri\u0219ana, Transilvania \u0219i Maramure\u0219, precum \u0219i la munte"},"content":{"rendered":"\n<p>Meteorologii au emis o avertizare Cod galben de furtuni, care vizeaz\u0103 nordul, partea central\u0103 \u0219i de vest a \u021b\u0103rii.<\/p>\n\n\n\n<p>\u00cen intervalul 8 iunie, ora 21.00-9 iunie, ora 23.00 vor fi perioade cu instabilitate atmosferic\u0103 accentuat\u0103 \u00een Banat, Cri\u0219ana, Transilvania \u0219i Maramure\u0219, precum \u0219i la munte. Aceasta se va manifesta prin desc\u0103rc\u0103ri electrice, averse toren\u021biale, izolat grindin\u0103, intensific\u0103ri de scurt\u0103 durat\u0103 ale v\u00e2ntului \u0219i vijelii. \u00cen intervale scurte de timp sau prin acumulare cantit\u0103\u021bile de ap\u0103 vor fi de 20\u202625 l\/mp \u0219i izolat de peste 40 l\/mp.\u00a0\u00cen zilele urm\u0103toare, vremea va fi instabil\u0103 mai ales \u00een regiunile intracarpatice \u0219i la munte.<\/p>\n\n\n\n<p>Sursa:g4media<\/p>\n","protected":false},"excerpt":{"rendered":"<p>Meteorologii au emis o avertizare Cod galben de furtuni, care vizeaz\u0103 nordul, partea central\u0103 \u0219i de vest a \u021b\u0103rii. \u00cen<\/p>\n","protected":false},"author":1,"featured_media":99664,"comment_status":"open","ping_status":"closed","sticky":false,"template":"","format":"standard","meta":{"spay_email":"","footnotes":"","jetpack_publicize_message":""},"categories":[6],"tags":[],"class_list":["post-99663","post","type-post","status-publish","format-standard","has-post-thumbnail","hentry","category-social"],"jetpack_featured_media_url":"https:\/\/i0.wp.com\/realitatearutiera.ro\/wp-content\/uploads\/2023\/06\/furtuna-fulgere-storm-cod-portocaliu-galben-e1685194808128-640x400-1.jpg?fit=640%2C400&ssl=1","jetpack_publicize_connections":[],"jetpack_sharing_enabled":true,"jetpack_shortlink":"https:\/\/wp.me\/p61naM-pVt","jetpack-related-posts":[],"_links":{"self":[{"href":"https:\/\/realitatearutiera.ro\/index.php?rest_route=\/wp\/v2\/posts\/99663","targetHints":{"allow":["GET"]}}],"collection":[{"href":"https:\/\/realitatearutiera.ro\/index.php?rest_route=\/wp\/v2\/posts"}],"about":[{"href":"https:\/\/realitatearutiera.ro\/index.php?rest_route=\/wp\/v2\/types\/post"}],"author":[{"embeddable":true,"href":"https:\/\/realitatearutiera.ro\/index.php?rest_route=\/wp\/v2\/users\/1"}],"replies":[{"embeddable":true,"href":"https:\/\/realitatearutiera.ro\/index.php?rest_route=%2Fwp%2Fv2%2Fcomments&post=99663"}],"version-history":[{"count":1,"href":"https:\/\/realitatearutiera.ro\/index.php?rest_route=\/wp\/v2\/posts\/99663\/revisions"}],"predecessor-version":[{"id":99665,"href":"https:\/\/realitatearutiera.ro\/index.php?rest_route=\/wp\/v2\/posts\/99663\/revisions\/99665"}],"wp:featuredmedia":[{"embeddable":true,"href":"https:\/\/realitatearutiera.ro\/index.php?rest_route=\/wp\/v2\/media\/99664"}],"wp:attachment":[{"href":"https:\/\/realitatearutiera.ro\/index.php?rest_route=%2Fwp%2Fv2%2Fmedia&parent=99663"}],"wp:term":[{"taxonomy":"category","embeddable":true,"href":"https:\/\/realitatearutiera.ro\/index.php?rest_route=%2Fwp%2Fv2%2Fcategories&post=99663"},{"taxonomy":"post_tag","embeddable":true,"href":"https:\/\/realitatearutiera.ro\/index.php?rest_route=%2Fwp%2Fv2%2Ftags&post=99663"}],"curies":[{"name":"wp","href":"https:\/\/api.w.org\/{rel}","templated":true}]}}