{"id":99862,"date":"2023-06-15T08:14:22","date_gmt":"2023-06-15T05:14:22","guid":{"rendered":"https:\/\/realitatearutiera.ro\/?p=99862"},"modified":"2023-06-15T08:14:24","modified_gmt":"2023-06-15T05:14:24","slug":"biciclist-lovit-de-un-autoturism-pe-dn-72-in-judetul-prahova","status":"publish","type":"post","link":"https:\/\/realitatearutiera.ro\/?p=99862","title":{"rendered":"Biciclist lovit de un autoturism pe DN 72, \u00een jude\u021bul Prahova"},"content":{"rendered":"\n<p><strong>Un biciclist a ajuns la spital, joi diminea\u021b\u0103 dup\u0103 ce a fost lovit de un autoturism pe DN 72, \u00een&nbsp; Prahova.<\/strong><\/p>\n\n\n\n<p>Potrivit IPJ Prahova, din primele date, un biciclist \u00een v\u00e2rst\u0103 de 64 de ani \u00een timp ce se deplasa pe DN72, \u00een afara localit\u0103\u021bii Stoene\u0219ti, ar fi fost surprins \u0219i accidentat de un autoturism condus de un b\u0103rbat \u00een v\u00e2rst\u0103 de 73 de ani.<\/p>\n\n\n\n<p>Biciclistul va fi transportat la spital, pentru \u00eengrijiri medicale de specialitate.<\/p>\n\n\n\n<p>Negativ alcool.<\/p>\n\n\n\n<p>Traficul este dirijat de poli\u021bi\u0219tii rutieri.<\/p>\n\n\n\n<p>Cercet\u0103rile sunt continuate de poli\u021bi\u0219ti pentru stabilirea tuturor cauzelor \u0219i \u00eemprejur\u0103rilor \u00een care s-a produs accidentul rutier.<\/p>\n\n\n\n<p>Sursa:romania24<\/p>\n","protected":false},"excerpt":{"rendered":"<p>Un biciclist a ajuns la spital, joi diminea\u021b\u0103 dup\u0103 ce a fost lovit de un autoturism pe DN 72, \u00een&nbsp;<\/p>\n","protected":false},"author":1,"featured_media":89655,"comment_status":"open","ping_status":"closed","sticky":false,"template":"","format":"standard","meta":{"spay_email":"","footnotes":"","jetpack_publicize_message":""},"categories":[1],"tags":[],"class_list":["post-99862","post","type-post","status-publish","format-standard","has-post-thumbnail","hentry","category-uncategorized"],"jetpack_featured_media_url":"https:\/\/i1.wp.com\/realitatearutiera.ro\/wp-content\/uploads\/2022\/09\/accident-biciclist-iorga-1200x771-1.jpg?fit=1200%2C771&ssl=1","jetpack_publicize_connections":[],"jetpack_sharing_enabled":true,"jetpack_shortlink":"https:\/\/wp.me\/p61naM-pYG","jetpack-related-posts":[],"_links":{"self":[{"href":"https:\/\/realitatearutiera.ro\/index.php?rest_route=\/wp\/v2\/posts\/99862","targetHints":{"allow":["GET"]}}],"collection":[{"href":"https:\/\/realitatearutiera.ro\/index.php?rest_route=\/wp\/v2\/posts"}],"about":[{"href":"https:\/\/realitatearutiera.ro\/index.php?rest_route=\/wp\/v2\/types\/post"}],"author":[{"embeddable":true,"href":"https:\/\/realitatearutiera.ro\/index.php?rest_route=\/wp\/v2\/users\/1"}],"replies":[{"embeddable":true,"href":"https:\/\/realitatearutiera.ro\/index.php?rest_route=%2Fwp%2Fv2%2Fcomments&post=99862"}],"version-history":[{"count":1,"href":"https:\/\/realitatearutiera.ro\/index.php?rest_route=\/wp\/v2\/posts\/99862\/revisions"}],"predecessor-version":[{"id":99863,"href":"https:\/\/realitatearutiera.ro\/index.php?rest_route=\/wp\/v2\/posts\/99862\/revisions\/99863"}],"wp:featuredmedia":[{"embeddable":true,"href":"https:\/\/realitatearutiera.ro\/index.php?rest_route=\/wp\/v2\/media\/89655"}],"wp:attachment":[{"href":"https:\/\/realitatearutiera.ro\/index.php?rest_route=%2Fwp%2Fv2%2Fmedia&parent=99862"}],"wp:term":[{"taxonomy":"category","embeddable":true,"href":"https:\/\/realitatearutiera.ro\/index.php?rest_route=%2Fwp%2Fv2%2Fcategories&post=99862"},{"taxonomy":"post_tag","embeddable":true,"href":"https:\/\/realitatearutiera.ro\/index.php?rest_route=%2Fwp%2Fv2%2Ftags&post=99862"}],"curies":[{"name":"wp","href":"https:\/\/api.w.org\/{rel}","templated":true}]}}